{"id":1105,"date":"2019-12-18T21:41:38","date_gmt":"2019-12-18T20:41:38","guid":{"rendered":"https:\/\/www.lieblings-lisa.de\/?p=1105"},"modified":"2023-11-18T14:29:03","modified_gmt":"2023-11-18T13:29:03","slug":"joghurt-mit-apfel-zimt-kompott-und-spekulatius-granola","status":"publish","type":"post","link":"https:\/\/www.lieblings-lisa.de\/?p=1105","title":{"rendered":"Joghurt mit Apfel-Zimt-Kompott und Spekulatius-Granola"},"content":{"rendered":"<p><div class=\"fusion-fullwidth fullwidth-box fusion-builder-row-1 no-print nonhundred-percent-fullwidth non-hundred-percent-height-scrolling\" style=\"--awb-border-radius-top-left:0px;--awb-border-radius-top-right:0px;--awb-border-radius-bottom-right:0px;--awb-border-radius-bottom-left:0px;--awb-background-color:rgba(255,255,255,0);--awb-flex-wrap:wrap;\" ><div class=\"fusion-builder-row fusion-row\"><div class=\"fusion-layout-column fusion_builder_column fusion-builder-column-0 fusion_builder_column_1_1 1_1 fusion-one-full fusion-column-first fusion-column-last\" style=\"--awb-bg-size:cover;\"><div class=\"fusion-column-wrapper fusion-column-has-shadow fusion-flex-column-wrapper-legacy\">\n<div class=\"fusion-slider-revolution rev_slider_wrapper\">\t\t\t<!-- START Beitrag REVOLUTION SLIDER 6.7.14 --><p class=\"rs-p-wp-fix\"><\/p>\n\t\t\t<rs-module-wrap id=\"rev_slider_5_1_wrapper\" data-source=\"post\" style=\"visibility:hidden;background:transparent;padding:0;margin:0px auto;margin-top:0;margin-bottom:0;\">\n\t\t\t\t<rs-module id=\"rev_slider_5_1\" style=\"\" data-version=\"6.7.14\">\n\t\t\t\t\t<rs-slides style=\"overflow: hidden; position: absolute;\">\n\t\t\t\t\t\t<rs-slide style=\"position: absolute;\" data-key=\"rs-1105\" data-title=\"Joghurt mit Apfel-Zimt-Kompott und Spekulatius-Granola\" data-in=\"o:0;\" data-out=\"a:false;\">\n\t\t\t\t\t\t\t<img decoding=\"async\" src=\"\/\/www.lieblings-lisa.de\/wp-content\/plugins\/revslider\/sr6\/assets\/assets\/dummy.png\" alt=\"Joghurt mit Apfel-Zimt-Kompott und Spekulatius-Granola\" title=\"Joghurt mit Apfel-Zimt-Kompott und Spekulatius-Granola\" class=\"rev-slidebg tp-rs-img rs-lazyload\" data-lazyload=\"\/\/www.lieblings-lisa.de\/wp-content\/plugins\/revslider\/sr6\/assets\/assets\/transparent.png\" data-no-retina>\n<!--\n\t\t\t\t\t\t\t--><rs-layer\n\t\t\t\t\t\t\t\tid=\"slider-5-slide-1105-layer-0\" \n\t\t\t\t\t\t\t\tclass=\"bild-beitrag-rechts rs-selectable\"\n\t\t\t\t\t\t\t\tdata-type=\"image\"\n\t\t\t\t\t\t\t\tdata-rsp_ch=\"on\"\n\t\t\t\t\t\t\t\tdata-xy=\"x:r,r,r,c;\"\n\t\t\t\t\t\t\t\tdata-text=\"w:normal;s:20,16,12,7;l:0,20,15,9;\"\n\t\t\t\t\t\t\t\tdata-dim=\"w:60%,60%,60%,720px;h:auto,auto,auto,100%;\"\n\t\t\t\t\t\t\t\tdata-basealign=\"slide\"\n\t\t\t\t\t\t\t\tdata-frame_999=\"o:0;st:w;\"\n\t\t\t\t\t\t\t\tstyle=\"z-index:8;\"\n\t\t\t\t\t\t\t><img decoding=\"async\" src=\"\/\/www.lieblings-lisa.de\/wp-content\/plugins\/revslider\/sr6\/assets\/assets\/dummy.png\" alt=\"\" class=\"disable-lazyload tp-rs-img rs-lazyload\" width=\"1708\" height=\"1286\" data-lazyload=\"\/\/www.lieblings-lisa.de\/wp-content\/uploads\/2020\/01\/CA1-scaled-e1579379070135.jpg\" data-no-retina> \n\t\t\t\t\t\t\t<\/rs-layer><!--\n\n\t\t\t\t\t\t\t--><rs-layer\n\t\t\t\t\t\t\t\tid=\"slider-5-slide-1105-layer-1\" \n\t\t\t\t\t\t\t\tclass=\"rs-selectable\"\n\t\t\t\t\t\t\t\tdata-type=\"shape\"\n\t\t\t\t\t\t\t\tdata-rsp_ch=\"on\"\n\t\t\t\t\t\t\t\tdata-text=\"w:normal;s:20,16,12,7;l:0,20,15,9;\"\n\t\t\t\t\t\t\t\tdata-dim=\"w:30%;h:100%;\"\n\t\t\t\t\t\t\t\tdata-vbility=\"t,t,f,f\"\n\t\t\t\t\t\t\t\tdata-frame_999=\"o:0;st:w;\"\n\t\t\t\t\t\t\t\tstyle=\"z-index:9;background-color:#ffffff;\"\n\t\t\t\t\t\t\t> \n\t\t\t\t\t\t\t<\/rs-layer><!--\n\n\t\t\t\t\t\t\t--><rs-layer\n\t\t\t\t\t\t\t\tid=\"slider-5-slide-1105-layer-2\" \n\t\t\t\t\t\t\t\tclass=\"rs-selectable\"\n\t\t\t\t\t\t\t\tdata-type=\"shape\"\n\t\t\t\t\t\t\t\tdata-rsp_ch=\"on\"\n\t\t\t\t\t\t\t\tdata-text=\"w:normal;s:20,16,12,7;l:0,20,15,9;\"\n\t\t\t\t\t\t\t\tdata-dim=\"w:100%;h:100%;\"\n\t\t\t\t\t\t\t\tdata-frame_999=\"o:0;st:w;\"\n\t\t\t\t\t\t\t\tstyle=\"z-index:10;background:linear-gradient(90deg, rgba(255,255,255,0.8) 0%, rgba(255,255,255,0) 100%);\"\n\t\t\t\t\t\t\t> \n\t\t\t\t\t\t\t<\/rs-layer><!--\n\n\t\t\t\t\t\t\t--><h1\n\t\t\t\t\t\t\t\tid=\"slider-5-slide-1105-layer-3\" \n\t\t\t\t\t\t\t\tclass=\"rs-layer rs-selectable\"\n\t\t\t\t\t\t\t\tdata-type=\"text\"\n\t\t\t\t\t\t\t\tdata-color=\"#373737\"\n\t\t\t\t\t\t\t\tdata-tsh=\"h:3px,2px,1px,0px;v:3px,2px,1px,0px;b:3px,2px,1px,0px;\"\n\t\t\t\t\t\t\t\tdata-rsp_ch=\"on\"\n\t\t\t\t\t\t\t\tdata-xy=\"xo:50px,41px,31px,19px;yo:115px,115px,80px,80px;\"\n\t\t\t\t\t\t\t\tdata-text=\"w:normal;s:60,60,50,50;l:55,55,45,45;\"\n\t\t\t\t\t\t\t\tdata-dim=\"w:60%,60%,60%,447px;h:auto,auto,auto,39px;maxw:1200px,1000px,700px,none;\"\n\t\t\t\t\t\t\t\tdata-wrpcls=\"hg-linie\"\n\t\t\t\t\t\t\t\tdata-frame_999=\"o:0;st:w;\"\n\t\t\t\t\t\t\t\tstyle=\"z-index:13;font-family:'Lobster';white-space:normal !important;\"\n\t\t\t\t\t\t\t><span class=\"hg-linie\">Joghurt mit Apfel-Zimt-Kompott und Spekulatius-Granola<\/span> \n\t\t\t\t\t\t\t<\/h1><!--\n\n\t\t\t\t\t\t\t--><h3\n\t\t\t\t\t\t\t\tid=\"slider-5-slide-1105-layer-4\" \n\t\t\t\t\t\t\t\tclass=\"rs-layer category-color-dark rs-selectable\"\n\t\t\t\t\t\t\t\tdata-type=\"text\"\n\t\t\t\t\t\t\t\tdata-color=\"#373737\"\n\t\t\t\t\t\t\t\tdata-tsh=\"h:3px,2px,1px,0px;v:3px,2px,1px,0px;b:3px,2px,1px,0px;\"\n\t\t\t\t\t\t\t\tdata-rsp_ch=\"on\"\n\t\t\t\t\t\t\t\tdata-xy=\"xo:50px,41px,31px,19px;yo:30px,30px,20px,20px;\"\n\t\t\t\t\t\t\t\tdata-text=\"w:normal;s:20,20,16,18;l:25,20,15,9;ls:4px,3px,2px,1px;fw:700;\"\n\t\t\t\t\t\t\t\tdata-frame_999=\"o:0;st:w;\"\n\t\t\t\t\t\t\t\tstyle=\"z-index:14;font-family:'Kanit';text-transform:uppercase;color:#373737 !important;\"\n\t\t\t\t\t\t\t><a href=\"https:\/\/www.lieblings-lisa.de\/?cat=37\" title=\"View all posts in S\u00fc\u00dfe S\u00fcnde\" rel=\"category\">S\u00fc\u00dfe S\u00fcnde<\/a> \n\t\t\t\t\t\t\t<\/h3><!--\n\n\t\t\t\t\t\t\t--><h3\n\t\t\t\t\t\t\t\tid=\"slider-5-slide-1105-layer-6\" \n\t\t\t\t\t\t\t\tclass=\"rs-layer rs-selectable\"\n\t\t\t\t\t\t\t\tdata-type=\"text\"\n\t\t\t\t\t\t\t\tdata-color=\"#373737\"\n\t\t\t\t\t\t\t\tdata-tsh=\"h:3px,2px,1px,0px;v:3px,2px,1px,0px;b:3px,2px,1px,0px;\"\n\t\t\t\t\t\t\t\tdata-rsp_ch=\"on\"\n\t\t\t\t\t\t\t\tdata-xy=\"xo:50px,41px,31px,19px;yo:70px,70px,50px,50px;\"\n\t\t\t\t\t\t\t\tdata-text=\"w:normal;s:20,20,16,18;l:25,20,15,9;ls:4px,3px,2px,1px;fw:300;\"\n\t\t\t\t\t\t\t\tdata-frame_999=\"o:0;st:w;\"\n\t\t\t\t\t\t\t\tstyle=\"z-index:11;font-family:'Kanit';text-transform:uppercase;\"\n\t\t\t\t\t\t\t>18. Dezember 2019 \n\t\t\t\t\t\t\t<\/h3><!--\n-->\t\t\t\t\t<\/rs-slide>\n\t\t\t\t\t<\/rs-slides>\n\t\t\t\t<\/rs-module>\n\t\t\t\t<script>\n\t\t\t\t\tsetREVStartSize({c: 'rev_slider_5_1',rl:[1240,1024,778,480],el:[530,500,550,480],gw:[1240,1024,778,480],gh:[530,500,550,480],type:'hero',justify:'',layout:'fullwidth',mh:\"0\"});if (window.RS_MODULES!==undefined && window.RS_MODULES.modules!==undefined && window.RS_MODULES.modules[\"revslider51\"]!==undefined) {window.RS_MODULES.modules[\"revslider51\"].once = false;window.revapi5 = undefined;if (window.RS_MODULES.checkMinimal!==undefined) window.RS_MODULES.checkMinimal()}\n\t\t\t\t<\/script>\n\t\t\t<\/rs-module-wrap>\n\t\t\t<!-- END REVOLUTION SLIDER -->\n<\/div><div class=\"fusion-clearfix\"><\/div><\/div><\/div><\/div><\/div><div class=\"fusion-fullwidth fullwidth-box fusion-builder-row-2 no-print nonhundred-percent-fullwidth non-hundred-percent-height-scrolling\" style=\"--awb-border-radius-top-left:0px;--awb-border-radius-top-right:0px;--awb-border-radius-bottom-right:0px;--awb-border-radius-bottom-left:0px;--awb-margin-top:30px;--awb-flex-wrap:wrap;\" ><div class=\"fusion-builder-row fusion-row\"><div class=\"fusion-layout-column fusion_builder_column fusion-builder-column-1 fusion_builder_column_3_4 3_4 fusion-three-fourth fusion-column-first fusion-animated\" style=\"--awb-bg-size:cover;width:75%;width:calc(75% - ( ( 4% ) * 0.75 ) );margin-right: 4%;\" data-animationType=\"rubberBand\" data-animationDuration=\"0.5\" data-animationOffset=\"top-into-view\"><div class=\"fusion-column-wrapper fusion-column-has-shadow fusion-flex-column-wrapper-legacy\"><div class=\"fusion-image-element fusion-image-align-center in-legacy-container\" style=\"text-align:center;--awb-max-width:525px;--awb-caption-title-font-family:var(--h2_typography-font-family);--awb-caption-title-font-weight:var(--h2_typography-font-weight);--awb-caption-title-font-style:var(--h2_typography-font-style);--awb-caption-title-size:var(--h2_typography-font-size);--awb-caption-title-transform:var(--h2_typography-text-transform);--awb-caption-title-line-height:var(--h2_typography-line-height);--awb-caption-title-letter-spacing:var(--h2_typography-letter-spacing);\"><div class=\"imageframe-align-center\"><span class=\" fusion-imageframe imageframe-none imageframe-1 hover-type-none fusion-animated\" data-animationType=\"rubberBand\" data-animationDuration=\"1.0\" data-animationOffset=\"top-into-view\"><img decoding=\"async\" width=\"1024\" height=\"108\" title=\"Lisas_Lieblingsleckereien_Blog_Food_Kochen_Logo_trenner\" src=\"https:\/\/www.lieblings-lisa.de\/wp-content\/uploads\/2019\/09\/Lisas_Lieblingsleckereien_Blog_Food_Kochen_Logo_trenner.png\" data-orig-src=\"https:\/\/www.lieblings-lisa.de\/wp-content\/uploads\/2019\/09\/Lisas_Lieblingsleckereien_Blog_Food_Kochen_Logo_trenner-1024x108.png\" alt class=\"lazyload img-responsive wp-image-744\" srcset=\"data:image\/svg+xml,%3Csvg%20xmlns%3D%27http%3A%2F%2Fwww.w3.org%2F2000%2Fsvg%27%20width%3D%271049%27%20height%3D%27111%27%20viewBox%3D%270%200%201049%20111%27%3E%3Crect%20width%3D%271049%27%20height%3D%27111%27%20fill-opacity%3D%220%22%2F%3E%3C%2Fsvg%3E\" data-srcset=\"https:\/\/www.lieblings-lisa.de\/wp-content\/uploads\/2019\/09\/Lisas_Lieblingsleckereien_Blog_Food_Kochen_Logo_trenner-200x21.png 200w, https:\/\/www.lieblings-lisa.de\/wp-content\/uploads\/2019\/09\/Lisas_Lieblingsleckereien_Blog_Food_Kochen_Logo_trenner-400x42.png 400w, https:\/\/www.lieblings-lisa.de\/wp-content\/uploads\/2019\/09\/Lisas_Lieblingsleckereien_Blog_Food_Kochen_Logo_trenner-600x63.png 600w, https:\/\/www.lieblings-lisa.de\/wp-content\/uploads\/2019\/09\/Lisas_Lieblingsleckereien_Blog_Food_Kochen_Logo_trenner-800x85.png 800w, https:\/\/www.lieblings-lisa.de\/wp-content\/uploads\/2019\/09\/Lisas_Lieblingsleckereien_Blog_Food_Kochen_Logo_trenner.png 1049w\" data-sizes=\"auto\" data-orig-sizes=\"(max-width: 800px) 100vw, 800px\" \/><\/span><\/div><\/div><div class=\"fusion-text fusion-text-1\"><h6 style=\"text-align: center;\"><span style=\"color: #dd85ba;\">Zubereitung<\/span><\/h6>\n<\/div><div class=\"fusion-clearfix\"><\/div><\/div><\/div><div class=\"fusion-layout-column fusion_builder_column fusion-builder-column-2 fusion_builder_column_1_4 1_4 fusion-one-fourth fusion-column-last\" style=\"--awb-bg-size:cover;width:25%;width:calc(25% - ( ( 4% ) * 0.25 ) );\"><div class=\"fusion-column-wrapper fusion-column-has-shadow fusion-flex-column-wrapper-legacy\"><div class=\"fusion-clearfix\"><\/div><\/div><\/div><\/div><\/div><div class=\"fusion-fullwidth fullwidth-box fusion-builder-row-3 no-print nonhundred-percent-fullwidth non-hundred-percent-height-scrolling\" style=\"--awb-border-radius-top-left:0px;--awb-border-radius-top-right:0px;--awb-border-radius-bottom-right:0px;--awb-border-radius-bottom-left:0px;--awb-flex-wrap:wrap;\" ><div class=\"fusion-builder-row fusion-row\"><div class=\"fusion-layout-column fusion_builder_column fusion-builder-column-3 fusion_builder_column_3_4 3_4 fusion-three-fourth fusion-column-first\" style=\"--awb-bg-size:cover;width:75%;width:calc(75% - ( ( 4% ) * 0.75 ) );margin-right: 4%;\"><div class=\"fusion-column-wrapper fusion-column-has-shadow fusion-flex-column-wrapper-legacy\"><div class=\"fusion-text fusion-text-2 fusion-animated\" data-animationType=\"slideInLeft\" data-animationDuration=\"0.3\" data-animationOffset=\"top-into-view\"><p><span class=\"fusion-dropcap dropcap\">Z<\/span>itroniger Joghurt auf einer Apfel- Zimt- Kompottschicht getoppt mit Spekulatius-Granola\u2026wenn das sich nicht himmlisch anh\u00f6rt, dann wei\u00df ich auch nicht weiter!<br \/>\nIn diesem Gericht vereint sich der Geschmack vom Herbst mit der Vorfreude auf Weihnachten.<\/p>\n<\/div><div class=\"fusion-image-element in-legacy-container\" style=\"--awb-caption-title-font-family:var(--h2_typography-font-family);--awb-caption-title-font-weight:var(--h2_typography-font-weight);--awb-caption-title-font-style:var(--h2_typography-font-style);--awb-caption-title-size:var(--h2_typography-font-size);--awb-caption-title-transform:var(--h2_typography-text-transform);--awb-caption-title-line-height:var(--h2_typography-line-height);--awb-caption-title-letter-spacing:var(--h2_typography-letter-spacing);\"><span class=\" fusion-imageframe imageframe-none imageframe-2 hover-type-none fusion-animated\" data-animationType=\"slideInLeft\" data-animationDuration=\"0.3\" data-animationOffset=\"top-into-view\"><img decoding=\"async\" width=\"1024\" height=\"683\" title=\"A1\" src=\"data:image\/svg+xml,%3Csvg%20xmlns%3D%27http%3A%2F%2Fwww.w3.org%2F2000%2Fsvg%27%20width%3D%271540%27%20height%3D%271027%27%20viewBox%3D%270%200%201540%201027%27%3E%3Crect%20width%3D%271540%27%20height%3D%271027%27%20fill-opacity%3D%220%22%2F%3E%3C%2Fsvg%3E\" data-orig-src=\"https:\/\/www.lieblings-lisa.de\/wp-content\/uploads\/2020\/01\/A1-1-1024x683.jpg\" alt class=\"lazyload img-responsive wp-image-1098\"\/><\/span><\/div><div class=\"fusion-text fusion-text-3 fusion-animated\" data-animationType=\"slideInLeft\" data-animationDuration=\"0.3\" data-animationOffset=\"top-into-view\"><p>Eine \u00e4hnliche Variante habe ich im Flughafen in Finnland zum Fr\u00fchst\u00fcck gegessen. Inspiriert davon habe ich mich dann Zuhause in der K\u00fcche ausprobiert. Das Spekulatius-Granola gab es schon letztes Jahr zu Weihnachten und eignet sich wunderbar f\u00fcr diese leckere S\u00fc\u00dfspeise. Das Kompott wird mit einer guten Prise Zimt verfeinert. Ich sch\u00e4tze Zimt und Apfel ist eines der besten und best\u00e4ndigsten Lebensmittelp\u00e4rchen, die es gibt. Den Joghurt habe ich f\u00fcr die S\u00e4ure mit Zitrone und zum Ausgleich mit etwas Agavendicksaft verfeinert.<\/p>\n<\/div><div class=\"fusion-image-element in-legacy-container\" style=\"--awb-caption-title-font-family:var(--h2_typography-font-family);--awb-caption-title-font-weight:var(--h2_typography-font-weight);--awb-caption-title-font-style:var(--h2_typography-font-style);--awb-caption-title-size:var(--h2_typography-font-size);--awb-caption-title-transform:var(--h2_typography-text-transform);--awb-caption-title-line-height:var(--h2_typography-line-height);--awb-caption-title-letter-spacing:var(--h2_typography-letter-spacing);\"><span class=\" fusion-imageframe imageframe-none imageframe-3 hover-type-none\"><img decoding=\"async\" width=\"1024\" height=\"683\" title=\"BC1\" src=\"https:\/\/www.lieblings-lisa.de\/wp-content\/uploads\/2020\/01\/BC1-scaled.jpg\" data-orig-src=\"https:\/\/www.lieblings-lisa.de\/wp-content\/uploads\/2020\/01\/BC1-1024x683.jpg\" alt class=\"lazyload img-responsive wp-image-1102\" srcset=\"data:image\/svg+xml,%3Csvg%20xmlns%3D%27http%3A%2F%2Fwww.w3.org%2F2000%2Fsvg%27%20width%3D%272560%27%20height%3D%271708%27%20viewBox%3D%270%200%202560%201708%27%3E%3Crect%20width%3D%272560%27%20height%3D%271708%27%20fill-opacity%3D%220%22%2F%3E%3C%2Fsvg%3E\" data-srcset=\"https:\/\/www.lieblings-lisa.de\/wp-content\/uploads\/2020\/01\/BC1-200x133.jpg 200w, https:\/\/www.lieblings-lisa.de\/wp-content\/uploads\/2020\/01\/BC1-400x267.jpg 400w, https:\/\/www.lieblings-lisa.de\/wp-content\/uploads\/2020\/01\/BC1-600x400.jpg 600w, https:\/\/www.lieblings-lisa.de\/wp-content\/uploads\/2020\/01\/BC1-800x534.jpg 800w, https:\/\/www.lieblings-lisa.de\/wp-content\/uploads\/2020\/01\/BC1-1200x801.jpg 1200w\" data-sizes=\"auto\" data-orig-sizes=\"(max-width: 800px) 100vw, 800px\" \/><\/span><\/div><div class=\"fusion-text fusion-text-4\"><p>Ich liebe diese S\u00fc\u00dfspeise auch als Mahlzeit f\u00fcr unterwegs. Sie ist vor allem im stressigen Alltag perfekt. Die einzelnen Komponenten lassen sich super vorbereiten und m\u00fcssen am Morgen einfach nur noch in ein transportf\u00e4higes Gef\u00e4\u00df gef\u00fcllt werden. Sodass ihr euch den ganzen Vormittag auf diesen himmlischen Genuss freuen k\u00f6nnt. Aber auch als Dessert w\u00fcrde es sich wunderbar eignen. Man k\u00f6nnte sagen: Vielf\u00e4ltig einsetzbar.<\/p>\n<p>Wenn ihr noch nicht so ganz in Weihnachtsstimmung seit beziehungsweise wenn Weihnachten schon wieder vorbei ist, k\u00f6nnt ihr anstelle dem Spekulatius-Granola auch ganz normales Granola verwenden. Das Rezept daf\u00fcr findet ihr auch auf meinem Blog.<\/p>\n<p>Egal, zu welcher Tageszeit ihr euch entscheidet, diese S\u00fc\u00dfspeise vernaschen.<br \/>\nLasst es euch schmecken!<\/p>\n<p>Lisa<\/p>\n<\/div><div class=\"fusion-clearfix\"><\/div><\/div><\/div><div class=\"fusion-layout-column fusion_builder_column fusion-builder-column-4 fusion_builder_column_1_4 1_4 fusion-one-fourth fusion-column-last no-print fusion-no-small-visibility fusion-no-medium-visibility fusion-animated\" style=\"--awb-bg-size:cover;width:25%;width:calc(25% - ( ( 4% ) * 0.25 ) );\" data-animationType=\"slideInRight\" data-animationDuration=\"0.4\" data-animationOffset=\"top-into-view\"><div class=\"fusion-column-wrapper fusion-column-has-shadow fusion-flex-column-wrapper-legacy\"><div class=\"fusion-widget-area awb-widget-area-element fusion-widget-area-1 fusion-content-widget-area\" style=\"--awb-title-color:#373737;--awb-padding:0px 0px 0px 0px;\"><section id=\"search-2\" class=\"widget widget_search\" style=\"border-style: solid;border-color:transparent;border-width:0px;\">\t\t<form role=\"search\" class=\"searchform fusion-search-form  fusion-search-form-classic\" method=\"get\" action=\"https:\/\/www.lieblings-lisa.de\/\">\n\t\t\t<div class=\"fusion-search-form-content\">\n\n\t\t\t\t\n\t\t\t\t<div class=\"fusion-search-field search-field\">\n\t\t\t\t\t<label><span class=\"screen-reader-text\">Suche nach:<\/span>\n\t\t\t\t\t\t\t\t\t\t\t\t\t<input type=\"search\" value=\"\" name=\"s\" class=\"s\" placeholder=\"Suchen...\" required aria-required=\"true\" aria-label=\"Suchen...\"\/>\n\t\t\t\t\t\t\t\t\t\t\t<\/label>\n\t\t\t\t<\/div>\n\t\t\t\t<div class=\"fusion-search-button search-button\">\n\t\t\t\t\t<input type=\"submit\" class=\"fusion-search-submit searchsubmit\" aria-label=\"Suche\" value=\"&#xf002;\" \/>\n\t\t\t\t\t\t\t\t\t<\/div>\n\n\t\t\t\t\n\t\t\t<\/div>\n\n\n\t\t\t\n\t\t<\/form>\n\t\t<\/section><section id=\"text-2\" class=\"widget widget_text\"><div class=\"heading\"><h4 class=\"widget-title\">\u00dcber mich<\/h4><\/div>\t\t\t<div class=\"textwidget\"><p><img decoding=\"async\" class=\"lazyload rundes-bild alignleft wp-image-781 size-thumbnail\" src=\"https:\/\/www.lieblings-lisa.de\/wp-content\/uploads\/2019\/09\/Lisas_Lieblingsleckereien_Blog_Food_Kochen_Lisa-Portrait-150x150.jpg\" data-orig-src=\"https:\/\/www.lieblings-lisa.de\/wp-content\/uploads\/2019\/09\/Lisas_Lieblingsleckereien_Blog_Food_Kochen_Lisa-Portrait-150x150.jpg\" alt=\"\" width=\"150\" height=\"150\" srcset=\"data:image\/svg+xml,%3Csvg%20xmlns%3D%27http%3A%2F%2Fwww.w3.org%2F2000%2Fsvg%27%20width%3D%27150%27%20height%3D%27150%27%20viewBox%3D%270%200%20150%20150%27%3E%3Crect%20width%3D%27150%27%20height%3D%27150%27%20fill-opacity%3D%220%22%2F%3E%3C%2Fsvg%3E\" data-srcset=\"https:\/\/www.lieblings-lisa.de\/wp-content\/uploads\/2019\/09\/Lisas_Lieblingsleckereien_Blog_Food_Kochen_Lisa-Portrait-66x66.jpg 66w, https:\/\/www.lieblings-lisa.de\/wp-content\/uploads\/2019\/09\/Lisas_Lieblingsleckereien_Blog_Food_Kochen_Lisa-Portrait-150x150.jpg 150w, https:\/\/www.lieblings-lisa.de\/wp-content\/uploads\/2019\/09\/Lisas_Lieblingsleckereien_Blog_Food_Kochen_Lisa-Portrait-200x200.jpg 200w, https:\/\/www.lieblings-lisa.de\/wp-content\/uploads\/2019\/09\/Lisas_Lieblingsleckereien_Blog_Food_Kochen_Lisa-Portrait-300x300.jpg 300w, https:\/\/www.lieblings-lisa.de\/wp-content\/uploads\/2019\/09\/Lisas_Lieblingsleckereien_Blog_Food_Kochen_Lisa-Portrait-400x400.jpg 400w, https:\/\/www.lieblings-lisa.de\/wp-content\/uploads\/2019\/09\/Lisas_Lieblingsleckereien_Blog_Food_Kochen_Lisa-Portrait-500x500.jpg 500w, https:\/\/www.lieblings-lisa.de\/wp-content\/uploads\/2019\/09\/Lisas_Lieblingsleckereien_Blog_Food_Kochen_Lisa-Portrait-600x600.jpg 600w, https:\/\/www.lieblings-lisa.de\/wp-content\/uploads\/2019\/09\/Lisas_Lieblingsleckereien_Blog_Food_Kochen_Lisa-Portrait-768x768.jpg 768w, https:\/\/www.lieblings-lisa.de\/wp-content\/uploads\/2019\/09\/Lisas_Lieblingsleckereien_Blog_Food_Kochen_Lisa-Portrait-800x800.jpg 800w, https:\/\/www.lieblings-lisa.de\/wp-content\/uploads\/2019\/09\/Lisas_Lieblingsleckereien_Blog_Food_Kochen_Lisa-Portrait.jpg 892w\" data-sizes=\"auto\" data-orig-sizes=\"(max-width: 150px) 100vw, 150px\" \/>Ich bin Lisa, ein leidenschaftlicher &#8222;Foodie&#8220;. Egal ob kochen oder backen, ich liebe es, neue Rezepte auszuprobieren und zu fotografieren. Meine Lieblingsrezepte entdecke ich dabei in B\u00fcchern, in Zeitschriften, im Internet oder auf Reisen.<\/p>\n<\/div>\n\t\t<\/section><style type=\"text\/css\" data-id=\"media_image-2\">@media (max-width: 800px){#media_image-2{text-align:center !important;}}<\/style><section id=\"media_image-2\" class=\"fusion-widget-mobile-align-center fusion-widget-align-center widget widget_media_image\" style=\"text-align: center;\"><img decoding=\"async\" width=\"300\" height=\"32\" src=\"https:\/\/www.lieblings-lisa.de\/wp-content\/uploads\/2019\/09\/Lisas_Lieblingsleckereien_Blog_Food_Kochen_Logo_trenner-300x32.png\" class=\"image wp-image-744  attachment-medium size-medium lazyload\" alt=\"\" style=\"max-width: 100%; height: auto;\" srcset=\"data:image\/svg+xml,%3Csvg%20xmlns%3D%27http%3A%2F%2Fwww.w3.org%2F2000%2Fsvg%27%20width%3D%271049%27%20height%3D%27111%27%20viewBox%3D%270%200%201049%20111%27%3E%3Crect%20width%3D%271049%27%20height%3D%27111%27%20fill-opacity%3D%220%22%2F%3E%3C%2Fsvg%3E\" data-orig-src=\"https:\/\/www.lieblings-lisa.de\/wp-content\/uploads\/2019\/09\/Lisas_Lieblingsleckereien_Blog_Food_Kochen_Logo_trenner-300x32.png\" data-srcset=\"https:\/\/www.lieblings-lisa.de\/wp-content\/uploads\/2019\/09\/Lisas_Lieblingsleckereien_Blog_Food_Kochen_Logo_trenner-200x21.png 200w, https:\/\/www.lieblings-lisa.de\/wp-content\/uploads\/2019\/09\/Lisas_Lieblingsleckereien_Blog_Food_Kochen_Logo_trenner-300x32.png 300w, https:\/\/www.lieblings-lisa.de\/wp-content\/uploads\/2019\/09\/Lisas_Lieblingsleckereien_Blog_Food_Kochen_Logo_trenner-400x42.png 400w, https:\/\/www.lieblings-lisa.de\/wp-content\/uploads\/2019\/09\/Lisas_Lieblingsleckereien_Blog_Food_Kochen_Logo_trenner-600x63.png 600w, https:\/\/www.lieblings-lisa.de\/wp-content\/uploads\/2019\/09\/Lisas_Lieblingsleckereien_Blog_Food_Kochen_Logo_trenner-768x81.png 768w, https:\/\/www.lieblings-lisa.de\/wp-content\/uploads\/2019\/09\/Lisas_Lieblingsleckereien_Blog_Food_Kochen_Logo_trenner-800x85.png 800w, https:\/\/www.lieblings-lisa.de\/wp-content\/uploads\/2019\/09\/Lisas_Lieblingsleckereien_Blog_Food_Kochen_Logo_trenner-1024x108.png 1024w, https:\/\/www.lieblings-lisa.de\/wp-content\/uploads\/2019\/09\/Lisas_Lieblingsleckereien_Blog_Food_Kochen_Logo_trenner.png 1049w\" data-sizes=\"auto\" \/><\/section><section id=\"social_links-widget-2\" class=\"widget social_links\" style=\"border-style: solid;border-color:transparent;border-width:0px;\"><div class=\"heading\"><h4 class=\"widget-title\">Lass uns in Kontakt bleiben<\/h4><\/div>\n\t\t<div class=\"fusion-social-networks\">\n\n\t\t\t<div class=\"fusion-social-networks-wrapper\">\n\t\t\t\t\t\t\t\t\t\t\t\t\t\t\t\t\t\t\t\t\t\t\t\t\t\t\t\t\n\t\t\t\t\t\t\n\t\t\t\t\t\t\t\t\t\t\t\t\t\t\t\t\t\t\t\t\t\t\t\t\t\t\t\t\t\t\t\t\t\t\t<a class=\"fusion-social-network-icon fusion-tooltip fusion-facebook awb-icon-facebook\" href=\"https:\/\/www.facebook.com\/profile.php?id=100007999609205\"  data-placement=\"top\" data-title=\"Facebook\" data-toggle=\"tooltip\" data-original-title=\"\"  title=\"Facebook\" aria-label=\"Facebook\" rel=\"noopener noreferrer\" target=\"_self\" style=\"font-size:16px;color:#ddb5c8;\"><\/a>\n\t\t\t\t\t\t\t\t\t\t\t\n\t\t\t\t\t\t\t\t\t\t\n\t\t\t\t\t\t\t\t\t\t\t\t\t\t\t\t\t\t\t\t\n\t\t\t\t\t\t\n\t\t\t\t\t\t\t\t\t\t\t\t\t\t\t\t\t\t\t\t\t\t\t\t\t\t\t\t\t\t\t\t\t\t\t<a class=\"fusion-social-network-icon fusion-tooltip fusion-instagram awb-icon-instagram\" href=\"https:\/\/www.instagram.com\/lisaslieblings\/\"  data-placement=\"top\" data-title=\"Instagram\" data-toggle=\"tooltip\" data-original-title=\"\"  title=\"Instagram\" aria-label=\"Instagram\" rel=\"noopener noreferrer\" target=\"_self\" style=\"font-size:16px;color:#ddb5c8;\"><\/a>\n\t\t\t\t\t\t\t\t\t\t\t\n\t\t\t\t\t\t\t\t\t\t\n\t\t\t\t\t\t\t\t\t\t\t\t\t\t\t\t\t\t\t\t\n\t\t\t\t\t\t\n\t\t\t\t\t\t\t\t\t\t\t\t\t\t\t\t\t\t\t\t\t\t\t\t\t\t\t\t\t\t\t\t\t\t\t<a class=\"fusion-social-network-icon fusion-tooltip fusion-pinterest awb-icon-pinterest\" href=\"https:\/\/www.pinterest.de\/lisaslieblingsleckereien\/\"  data-placement=\"top\" data-title=\"Pinterest\" data-toggle=\"tooltip\" data-original-title=\"\"  title=\"Pinterest\" aria-label=\"Pinterest\" rel=\"noopener noreferrer\" target=\"_self\" style=\"font-size:16px;color:#ddb5c8;\"><\/a>\n\t\t\t\t\t\t\t\t\t\t\t\n\t\t\t\t\t\t\t\t\t\t\n\t\t\t\t\n\t\t\t<\/div>\n\t\t<\/div>\n\n\t\t<\/section><style type=\"text\/css\" data-id=\"media_image-3\">@media (max-width: 800px){#media_image-3{text-align:center !important;}}<\/style><section id=\"media_image-3\" class=\"fusion-widget-mobile-align-center fusion-widget-align-center widget widget_media_image\" style=\"text-align: center;\"><img decoding=\"async\" width=\"300\" height=\"32\" src=\"https:\/\/www.lieblings-lisa.de\/wp-content\/uploads\/2019\/09\/Lisas_Lieblingsleckereien_Blog_Food_Kochen_Logo_trenner-300x32.png\" class=\"image wp-image-744  attachment-medium size-medium lazyload\" alt=\"\" style=\"max-width: 100%; height: auto;\" srcset=\"data:image\/svg+xml,%3Csvg%20xmlns%3D%27http%3A%2F%2Fwww.w3.org%2F2000%2Fsvg%27%20width%3D%271049%27%20height%3D%27111%27%20viewBox%3D%270%200%201049%20111%27%3E%3Crect%20width%3D%271049%27%20height%3D%27111%27%20fill-opacity%3D%220%22%2F%3E%3C%2Fsvg%3E\" data-orig-src=\"https:\/\/www.lieblings-lisa.de\/wp-content\/uploads\/2019\/09\/Lisas_Lieblingsleckereien_Blog_Food_Kochen_Logo_trenner-300x32.png\" data-srcset=\"https:\/\/www.lieblings-lisa.de\/wp-content\/uploads\/2019\/09\/Lisas_Lieblingsleckereien_Blog_Food_Kochen_Logo_trenner-200x21.png 200w, https:\/\/www.lieblings-lisa.de\/wp-content\/uploads\/2019\/09\/Lisas_Lieblingsleckereien_Blog_Food_Kochen_Logo_trenner-300x32.png 300w, https:\/\/www.lieblings-lisa.de\/wp-content\/uploads\/2019\/09\/Lisas_Lieblingsleckereien_Blog_Food_Kochen_Logo_trenner-400x42.png 400w, https:\/\/www.lieblings-lisa.de\/wp-content\/uploads\/2019\/09\/Lisas_Lieblingsleckereien_Blog_Food_Kochen_Logo_trenner-600x63.png 600w, https:\/\/www.lieblings-lisa.de\/wp-content\/uploads\/2019\/09\/Lisas_Lieblingsleckereien_Blog_Food_Kochen_Logo_trenner-768x81.png 768w, https:\/\/www.lieblings-lisa.de\/wp-content\/uploads\/2019\/09\/Lisas_Lieblingsleckereien_Blog_Food_Kochen_Logo_trenner-800x85.png 800w, https:\/\/www.lieblings-lisa.de\/wp-content\/uploads\/2019\/09\/Lisas_Lieblingsleckereien_Blog_Food_Kochen_Logo_trenner-1024x108.png 1024w, https:\/\/www.lieblings-lisa.de\/wp-content\/uploads\/2019\/09\/Lisas_Lieblingsleckereien_Blog_Food_Kochen_Logo_trenner.png 1049w\" data-sizes=\"auto\" \/><\/section><section id=\"text-3\" class=\"widget widget_text\">\t\t\t<div class=\"textwidget\"><p>[instagram-feed]<\/p>\n<\/div>\n\t\t<\/section><div class=\"fusion-additional-widget-content\"><\/div><\/div><div class=\"fusion-clearfix\"><\/div><\/div><\/div><\/div><\/div><div class=\"fusion-fullwidth fullwidth-box fusion-builder-row-4 nonhundred-percent-fullwidth non-hundred-percent-height-scrolling\" style=\"--awb-border-radius-top-left:0px;--awb-border-radius-top-right:0px;--awb-border-radius-bottom-right:0px;--awb-border-radius-bottom-left:0px;--awb-flex-wrap:wrap;\" ><div class=\"fusion-builder-row fusion-row\"><div class=\"fusion-layout-column fusion_builder_column fusion-builder-column-5 fusion_builder_column_1_3 1_3 fusion-one-third fusion-column-first\" style=\"--awb-bg-size:cover;width:33.333333333333%;width:calc(33.333333333333% - ( ( 4% + 4% ) * 0.33333333333333 ) );margin-right: 4%;\"><div class=\"fusion-column-wrapper fusion-column-has-shadow fusion-flex-column-wrapper-legacy\"><div class=\"fusion-image-element in-legacy-container\" style=\"--awb-caption-title-font-family:var(--h2_typography-font-family);--awb-caption-title-font-weight:var(--h2_typography-font-weight);--awb-caption-title-font-style:var(--h2_typography-font-style);--awb-caption-title-size:var(--h2_typography-font-size);--awb-caption-title-transform:var(--h2_typography-text-transform);--awb-caption-title-line-height:var(--h2_typography-line-height);--awb-caption-title-letter-spacing:var(--h2_typography-letter-spacing);\"><span class=\" fusion-imageframe imageframe-none imageframe-4 hover-type-none\"><img decoding=\"async\" width=\"683\" height=\"1024\" title=\"AA1\" src=\"https:\/\/www.lieblings-lisa.de\/wp-content\/uploads\/2020\/01\/AA1-1-scaled.jpg\" data-orig-src=\"https:\/\/www.lieblings-lisa.de\/wp-content\/uploads\/2020\/01\/AA1-1-683x1024.jpg\" alt class=\"lazyload img-responsive wp-image-1099\" srcset=\"data:image\/svg+xml,%3Csvg%20xmlns%3D%27http%3A%2F%2Fwww.w3.org%2F2000%2Fsvg%27%20width%3D%271708%27%20height%3D%272560%27%20viewBox%3D%270%200%201708%202560%27%3E%3Crect%20width%3D%271708%27%20height%3D%272560%27%20fill-opacity%3D%220%22%2F%3E%3C%2Fsvg%3E\" data-srcset=\"https:\/\/www.lieblings-lisa.de\/wp-content\/uploads\/2020\/01\/AA1-1-200x300.jpg 200w, https:\/\/www.lieblings-lisa.de\/wp-content\/uploads\/2020\/01\/AA1-1-400x599.jpg 400w, https:\/\/www.lieblings-lisa.de\/wp-content\/uploads\/2020\/01\/AA1-1-600x899.jpg 600w, https:\/\/www.lieblings-lisa.de\/wp-content\/uploads\/2020\/01\/AA1-1-800x1199.jpg 800w, https:\/\/www.lieblings-lisa.de\/wp-content\/uploads\/2020\/01\/AA1-1-1200x1798.jpg 1200w, https:\/\/www.lieblings-lisa.de\/wp-content\/uploads\/2020\/01\/AA1-1-scaled.jpg 1708w\" data-sizes=\"auto\" data-orig-sizes=\"(max-width: 800px) 100vw, 400px\" \/><\/span><\/div><div class=\"fusion-clearfix\"><\/div><\/div><\/div><div class=\"fusion-layout-column fusion_builder_column fusion-builder-column-6 fusion_builder_column_1_3 1_3 fusion-one-third\" style=\"--awb-bg-size:cover;width:33.333333333333%;width:calc(33.333333333333% - ( ( 4% + 4% ) * 0.33333333333333 ) );margin-right: 4%;\"><div class=\"fusion-column-wrapper fusion-column-has-shadow fusion-flex-column-wrapper-legacy\"><div class=\"fusion-image-element in-legacy-container\" style=\"--awb-caption-title-font-family:var(--h2_typography-font-family);--awb-caption-title-font-weight:var(--h2_typography-font-weight);--awb-caption-title-font-style:var(--h2_typography-font-style);--awb-caption-title-size:var(--h2_typography-font-size);--awb-caption-title-transform:var(--h2_typography-text-transform);--awb-caption-title-line-height:var(--h2_typography-line-height);--awb-caption-title-letter-spacing:var(--h2_typography-letter-spacing);\"><span class=\" fusion-imageframe imageframe-none imageframe-5 hover-type-none\"><img decoding=\"async\" width=\"683\" height=\"1024\" title=\"BB1\" src=\"data:image\/svg+xml,%3Csvg%20xmlns%3D%27http%3A%2F%2Fwww.w3.org%2F2000%2Fsvg%27%20width%3D%271030%27%20height%3D%271543%27%20viewBox%3D%270%200%201030%201543%27%3E%3Crect%20width%3D%271030%27%20height%3D%271543%27%20fill-opacity%3D%220%22%2F%3E%3C%2Fsvg%3E\" data-orig-src=\"https:\/\/www.lieblings-lisa.de\/wp-content\/uploads\/2020\/01\/BB1-2-683x1024.jpg\" alt class=\"lazyload img-responsive wp-image-1101\"\/><\/span><\/div><div class=\"fusion-clearfix\"><\/div><\/div><\/div><div class=\"fusion-layout-column fusion_builder_column fusion-builder-column-7 fusion_builder_column_1_3 1_3 fusion-one-third fusion-column-last\" style=\"--awb-bg-size:cover;width:33.333333333333%;width:calc(33.333333333333% - ( ( 4% + 4% ) * 0.33333333333333 ) );\"><div class=\"fusion-column-wrapper fusion-column-has-shadow fusion-flex-column-wrapper-legacy\"><div class=\"fusion-image-element in-legacy-container\" style=\"--awb-caption-title-font-family:var(--h2_typography-font-family);--awb-caption-title-font-weight:var(--h2_typography-font-weight);--awb-caption-title-font-style:var(--h2_typography-font-style);--awb-caption-title-size:var(--h2_typography-font-size);--awb-caption-title-transform:var(--h2_typography-text-transform);--awb-caption-title-line-height:var(--h2_typography-line-height);--awb-caption-title-letter-spacing:var(--h2_typography-letter-spacing);\"><span class=\" fusion-imageframe imageframe-none imageframe-6 hover-type-none\"><img decoding=\"async\" width=\"683\" height=\"1024\" title=\"C1\" src=\"data:image\/svg+xml,%3Csvg%20xmlns%3D%27http%3A%2F%2Fwww.w3.org%2F2000%2Fsvg%27%20width%3D%271150%27%20height%3D%271723%27%20viewBox%3D%270%200%201150%201723%27%3E%3Crect%20width%3D%271150%27%20height%3D%271723%27%20fill-opacity%3D%220%22%2F%3E%3C%2Fsvg%3E\" data-orig-src=\"https:\/\/www.lieblings-lisa.de\/wp-content\/uploads\/2020\/01\/C1-2-683x1024.jpg\" alt class=\"lazyload img-responsive wp-image-1103\"\/><\/span><\/div><div class=\"fusion-clearfix\"><\/div><\/div><\/div><\/div><\/div><div class=\"fusion-fullwidth fullwidth-box fusion-builder-row-5 no-print nonhundred-percent-fullwidth non-hundred-percent-height-scrolling\" style=\"--awb-border-radius-top-left:0px;--awb-border-radius-top-right:0px;--awb-border-radius-bottom-right:0px;--awb-border-radius-bottom-left:0px;--awb-margin-top:30px;--awb-flex-wrap:wrap;\" ><div class=\"fusion-builder-row fusion-row\"><div class=\"fusion-layout-column fusion_builder_column fusion-builder-column-8 fusion_builder_column_1_1 1_1 fusion-one-full fusion-column-first fusion-column-last fusion-animated\" style=\"--awb-bg-size:cover;\" data-animationType=\"rubberBand\" data-animationDuration=\"0.5\" data-animationOffset=\"top-into-view\"><div class=\"fusion-column-wrapper fusion-column-has-shadow fusion-flex-column-wrapper-legacy\"><div class=\"fusion-image-element fusion-image-align-center in-legacy-container\" style=\"text-align:center;--awb-max-width:525px;--awb-caption-title-font-family:var(--h2_typography-font-family);--awb-caption-title-font-weight:var(--h2_typography-font-weight);--awb-caption-title-font-style:var(--h2_typography-font-style);--awb-caption-title-size:var(--h2_typography-font-size);--awb-caption-title-transform:var(--h2_typography-text-transform);--awb-caption-title-line-height:var(--h2_typography-line-height);--awb-caption-title-letter-spacing:var(--h2_typography-letter-spacing);\"><div class=\"imageframe-align-center\"><span class=\" fusion-imageframe imageframe-none imageframe-7 hover-type-none fusion-animated\" data-animationType=\"rubberBand\" data-animationDuration=\"1.0\" data-animationOffset=\"top-into-view\"><img decoding=\"async\" width=\"1024\" height=\"108\" title=\"Lisas_Lieblingsleckereien_Blog_Food_Kochen_Logo_trenner\" src=\"https:\/\/www.lieblings-lisa.de\/wp-content\/uploads\/2019\/09\/Lisas_Lieblingsleckereien_Blog_Food_Kochen_Logo_trenner.png\" data-orig-src=\"https:\/\/www.lieblings-lisa.de\/wp-content\/uploads\/2019\/09\/Lisas_Lieblingsleckereien_Blog_Food_Kochen_Logo_trenner-1024x108.png\" alt class=\"lazyload img-responsive wp-image-744\" srcset=\"data:image\/svg+xml,%3Csvg%20xmlns%3D%27http%3A%2F%2Fwww.w3.org%2F2000%2Fsvg%27%20width%3D%271049%27%20height%3D%27111%27%20viewBox%3D%270%200%201049%20111%27%3E%3Crect%20width%3D%271049%27%20height%3D%27111%27%20fill-opacity%3D%220%22%2F%3E%3C%2Fsvg%3E\" data-srcset=\"https:\/\/www.lieblings-lisa.de\/wp-content\/uploads\/2019\/09\/Lisas_Lieblingsleckereien_Blog_Food_Kochen_Logo_trenner-200x21.png 200w, https:\/\/www.lieblings-lisa.de\/wp-content\/uploads\/2019\/09\/Lisas_Lieblingsleckereien_Blog_Food_Kochen_Logo_trenner-400x42.png 400w, https:\/\/www.lieblings-lisa.de\/wp-content\/uploads\/2019\/09\/Lisas_Lieblingsleckereien_Blog_Food_Kochen_Logo_trenner-600x63.png 600w, https:\/\/www.lieblings-lisa.de\/wp-content\/uploads\/2019\/09\/Lisas_Lieblingsleckereien_Blog_Food_Kochen_Logo_trenner-800x85.png 800w, https:\/\/www.lieblings-lisa.de\/wp-content\/uploads\/2019\/09\/Lisas_Lieblingsleckereien_Blog_Food_Kochen_Logo_trenner.png 1049w\" data-sizes=\"auto\" data-orig-sizes=\"(max-width: 800px) 100vw, 1024px\" \/><\/span><\/div><\/div><div class=\"fusion-text fusion-text-5\"><h6 style=\"text-align: center;\"><span style=\"color: #dd85ba;\">Zutaten<\/span><\/h6>\n<\/div><div class=\"fusion-clearfix\"><\/div><\/div><\/div><\/div><\/div><div class=\"fusion-fullwidth fullwidth-box fusion-builder-row-6 nonhundred-percent-fullwidth non-hundred-percent-height-scrolling\" style=\"--awb-border-radius-top-left:0px;--awb-border-radius-top-right:0px;--awb-border-radius-bottom-right:0px;--awb-border-radius-bottom-left:0px;--awb-padding-top:5%;--awb-padding-right:5%;--awb-padding-bottom:5%;--awb-padding-left:5%;--awb-background-color:#f6f6f6;--awb-flex-wrap:wrap;\" ><div class=\"fusion-builder-row fusion-row\"><div class=\"fusion-layout-column fusion_builder_column fusion-builder-column-9 fusion_builder_column_1_2 1_2 fusion-one-half fusion-column-first fusion-animated\" style=\"--awb-bg-size:cover;--awb-margin-bottom:30px;width:50%;width:calc(50% - ( ( 4% ) * 0.5 ) );margin-right: 4%;\" data-animationType=\"slideInLeft\" data-animationDuration=\"0.3\" data-animationOffset=\"top-into-view\"><div class=\"fusion-column-wrapper fusion-column-has-shadow fusion-flex-column-wrapper-legacy\"><ul style=\"--awb-line-height:25.5px;--awb-icon-width:25.5px;--awb-icon-height:25.5px;--awb-icon-margin:10.5px;--awb-content-margin:36px;\" class=\"fusion-checklist fusion-checklist-1 fusion-checklist-default type-icons\"><li class=\"fusion-li-item\" style=\"\"><span class=\"icon-wrapper circle-no\"><i class=\"fusion-li-icon fa-user far\" aria-hidden=\"true\"><\/i><\/span><div class=\"fusion-li-item-content\">\n<p>f\u00fcr 2 Personen<\/p>\n<\/div><\/li><li class=\"fusion-li-item\" style=\"\"><span class=\"icon-wrapper circle-no\"><i class=\"fusion-li-icon fa-clock far\" aria-hidden=\"true\"><\/i><\/span><div class=\"fusion-li-item-content\">\n<p>25 min Zubereitungszeit + 20 min Backzeit<\/p>\n<\/div><\/li><\/ul><div class=\"fusion-clearfix\"><\/div><\/div><\/div><div class=\"fusion-layout-column fusion_builder_column fusion-builder-column-10 fusion_builder_column_1_2 1_2 fusion-one-half fusion-column-last no-print fusion-animated\" style=\"--awb-bg-size:cover;--awb-margin-bottom:30px;width:50%;width:calc(50% - ( ( 4% ) * 0.5 ) );\" data-animationType=\"slideInRight\" data-animationDuration=\"0.4\" data-animationOffset=\"top-into-view\"><div class=\"fusion-column-wrapper fusion-column-has-shadow fusion-flex-column-wrapper-legacy\"><div class=\"fusion-text fusion-text-6\"><p style=\"text-align: right;\">[bws_pdfprint display=&#8217;print&#8216;]<\/p>\n<\/div><div class=\"fusion-clearfix\"><\/div><\/div><\/div><div class=\"fusion-layout-column fusion_builder_column fusion-builder-column-11 fusion_builder_column_1_3 1_3 fusion-one-third fusion-column-first fusion-animated\" style=\"--awb-padding-top:30px;--awb-padding-right:30px;--awb-padding-bottom:30px;--awb-padding-left:30px;--awb-bg-color:#ffffff;--awb-bg-color-hover:#ffffff;--awb-bg-repeat:repeat-y;--awb-box-shadow:2px 2px 5px 0px rgba(0,0,0,0.25);;width:33.333333333333%;width:calc(33.333333333333% - ( ( 4% ) * 0.33333333333333 ) );margin-right: 4%;\" data-animationType=\"slideInLeft\" data-animationDuration=\"0.3\" data-animationOffset=\"top-into-view\"><div class=\"fusion-column-wrapper fusion-column-has-shadow fusion-flex-column-wrapper-legacy\"><div class=\"fusion-title title fusion-title-1 fusion-sep-none fusion-title-text fusion-title-size-one\" style=\"--awb-text-color:#333333;--awb-font-size:30px;\"><h1 class=\"fusion-title-heading title-heading-left fusion-responsive-typography-calculated\" style=\"margin:0;font-size:1em;--fontSize:30;line-height:1;\">Zutatenliste<\/p><\/h1><\/div><div class=\"fusion-text fusion-text-7\"><p><strong>Kompott:<\/strong><\/p>\n<ul>\n<li>4 \u00c4pfel<\/li>\n<li>Saft \u00bd Zitrone<\/li>\n<li>\u00bd TL Zimt<\/li>\n<li>\u00bd Packung Puddingpulver<\/li>\n<li>200 ml Apfelsaft<\/li>\n<\/ul>\n<p><strong>Joghurtcreme:<\/strong><\/p>\n<ul>\n<li>300 g neutraler pflanzlicher Joghurt<\/li>\n<li>Saft \u00bd Zitrone<\/li>\n<li>1 EL Agavendicksaft<\/li>\n<\/ul>\n<p><strong>Spekulatius-Granola:<\/strong><\/p>\n<ul>\n<li>200 g Haferflocken<\/li>\n<li>70 g Mandelstifte oder -bl\u00e4ttchen<\/li>\n<li>100 g Spekulatius (vegan)<\/li>\n<li>1\/2 TL Spekulatiusgew\u00fcrz (alternativ: Zimt)<\/li>\n<li>2 EL Agavendicksaft<\/li>\n<li>2 El neutrales \u00d6l (Sonnenblume oder Raps)<\/li>\n<\/ul>\n<\/div><div class=\"fusion-clearfix\"><\/div><\/div><\/div><div class=\"fusion-layout-column fusion_builder_column fusion-builder-column-12 fusion_builder_column_2_3 2_3 fusion-two-third fusion-column-last fusion-animated\" style=\"--awb-bg-position:right top;--awb-bg-repeat:repeat-y;--awb-margin-top:30px;width:66.666666666667%;width:calc(66.666666666667% - ( ( 4% ) * 0.66666666666667 ) );\" data-animationType=\"slideInRight\" data-animationDuration=\"0.3\" data-animationOffset=\"top-into-view\"><div class=\"fusion-column-wrapper fusion-column-has-shadow fusion-flex-column-wrapper-legacy\"><div class=\"fusion-title title fusion-title-2 fusion-sep-none fusion-title-text fusion-title-size-one\" style=\"--awb-text-color:#333333;--awb-font-size:30px;\"><h1 class=\"fusion-title-heading title-heading-left fusion-responsive-typography-calculated\" style=\"margin:0;font-size:1em;--fontSize:30;line-height:1;\">Zubereitung<\/h1><\/div><div class=\"fusion-text fusion-text-8\"><p><strong>Spekulatiusgranola<\/strong><\/p>\n<ol>\n<li>Den Ofen auf 160 Grad Umluft vorheizen.<\/li>\n<li>Den Spekulatius zerbr\u00f6seln und mit den Haferflocken und den Mandelstiften in eine Sch\u00fcssel geben. Das Spekulatiusgew\u00fcrz hinzugeben und gut vermengen.<\/li>\n<li>Zum Schluss das \u00d6l und den Honig untermischen. Alles auf ein, mit Backpapier ausgelegtes, Backblech verteilen und f\u00fcr 20 min in den vorgeheizten Ofen geben. Nach 10 min die Masse einmal kurz durchmischen.<\/li>\n<li>Sind die 20 min um und das Granola ist goldbraun, kann es aus dem Ofen genommen werden. Keine Sorge, jetzt ist das Granola noch eine klebrig, weiche Masse. Erst durch den Ausk\u00fchlungsprozess wird es sch\u00f6n knusprig.<\/li>\n<\/ol>\n<p>Das fertige Granola am besten in einem geschlossenen Glas aufbewahren. Die Menge ist mehr, als ihr f\u00fcr das Rezept ben\u00f6tigen werdet. Ihr k\u00f6nnt damit aber super euren Joghurt aufpeppen oder es einfach so vernaschen!<\/p>\n<p><strong>Kompott<\/strong><\/p>\n<ol>\n<li>\u00c4pfel waschen, entkernen und w\u00fcrfeln. Die Zitrone auspressen.<\/li>\n<li>\u00c4pfel, Zitronensaft, Gew\u00fcrz und 175 ml Apfelsaft in einen Topf geben und erhitzen. Solange k\u00f6cheln lassen, bis die \u00c4pfel weich werden. In der Zwischenzeit das Puddingpulver mit dem restlichen Apfelsaft vermischen und unter die Apfelmischung im Topf einr\u00fchren. Weiterr\u00fchren und warten bis die Masse andickt. Dann vom Herd nehmen.<\/li>\n<\/ol>\n<p><strong>Joghurtcreme<\/strong><\/p>\n<ol>\n<li>Einfach den Joghurt mit dem Saft der Zitrone und dem Agavendicksaft verr\u00fchren. Fertig!<\/li>\n<\/ol>\n<p>Zum Anrichten das Kompott in sch\u00f6ne Gl\u00e4ser f\u00fcllen, den verfeinerten Joghurt dar\u00fcber schichten und zum Schluss mit dem Granola toppen! Jetzt einfach nur noch genie\u00dfen.<\/p>\n<p>M\u00f6chtet ihr das Rezept vorbereiten und erst sp\u00e4ter vernaschen, dann gebt das Granola erst vor dem servieren dazu, sonst weicht der Spekulatius auf.<\/p>\n<\/div><div class=\"fusion-clearfix\"><\/div><\/div><\/div><div class=\"fusion-layout-column fusion_builder_column fusion-builder-column-13 fusion_builder_column_1_1 1_1 fusion-one-full fusion-column-first fusion-column-last fusion-animated\" style=\"--awb-padding-top:30px;--awb-bg-size:cover;\" data-animationType=\"slideInLeft\" data-animationDuration=\"0.3\" data-animationOffset=\"top-into-view\"><div class=\"fusion-column-wrapper fusion-column-has-shadow fusion-flex-column-wrapper-legacy\"><div class=\"fusion-text fusion-text-9\"><p>Bewerte Dein Essen<\/p>\n<p>[caldera_form id=&#8220;CF5e0d208ee9539&#8243;]<\/p>\n<\/div><div class=\"fusion-clearfix\"><\/div><\/div><\/div><\/div><\/div><div class=\"fusion-fullwidth fullwidth-box fusion-builder-row-7 no-print nonhundred-percent-fullwidth non-hundred-percent-height-scrolling\" style=\"--awb-border-radius-top-left:0px;--awb-border-radius-top-right:0px;--awb-border-radius-bottom-right:0px;--awb-border-radius-bottom-left:0px;--awb-margin-top:30px;--awb-margin-bottom:30px;--awb-flex-wrap:wrap;\" ><div class=\"fusion-builder-row fusion-row\"><div class=\"fusion-layout-column fusion_builder_column fusion-builder-column-14 fusion_builder_column_1_1 1_1 fusion-one-full fusion-column-first fusion-column-last fusion-animated\" style=\"--awb-bg-size:cover;\" data-animationType=\"slideInUp\" data-animationDuration=\"0.3\" data-animationOffset=\"top-into-view\"><div class=\"fusion-column-wrapper fusion-column-has-shadow fusion-flex-column-wrapper-legacy\"><div class=\"fusion-aligncenter\"><a class=\"fusion-button button-flat fusion-button-default-size button-default fusion-button-default button-1 fusion-button-default-span fusion-button-default-type\" target=\"_self\" href=\"\/rezepte\"><span class=\"fusion-button-text awb-button__text awb-button__text--default\">Mehr Rezepte<\/span><\/a><\/div><div class=\"fusion-clearfix\"><\/div><\/div><\/div><\/div><\/div><div class=\"fusion-fullwidth fullwidth-box fusion-builder-row-8 no-print nonhundred-percent-fullwidth non-hundred-percent-height-scrolling\" style=\"--awb-border-radius-top-left:0px;--awb-border-radius-top-right:0px;--awb-border-radius-bottom-right:0px;--awb-border-radius-bottom-left:0px;--awb-padding-top:30px;--awb-flex-wrap:wrap;\" ><div class=\"fusion-builder-row fusion-row\"><div class=\"fusion-layout-column fusion_builder_column fusion-builder-column-15 fusion_builder_column_1_1 1_1 fusion-one-full fusion-column-first fusion-column-last fusion-animated\" style=\"--awb-bg-size:cover;\" data-animationType=\"slideInLeft\" data-animationDuration=\"0.3\" data-animationOffset=\"top-into-view\"><div class=\"fusion-column-wrapper fusion-column-has-shadow fusion-flex-column-wrapper-legacy\"><div class=\"fusion-text fusion-text-10\"><p><img decoding=\"async\" class=\"lazyload rundes-bild alignleft wp-image-781 size-thumbnail\" src=\"https:\/\/www.lieblings-lisa.de\/wp-content\/uploads\/2019\/09\/Lisas_Lieblingsleckereien_Blog_Food_Kochen_Lisa-Portrait-150x150.jpg\" data-orig-src=\"https:\/\/www.lieblings-lisa.de\/wp-content\/uploads\/2019\/09\/Lisas_Lieblingsleckereien_Blog_Food_Kochen_Lisa-Portrait-150x150.jpg\" alt=\"\" width=\"150\" height=\"150\" srcset=\"data:image\/svg+xml,%3Csvg%20xmlns%3D%27http%3A%2F%2Fwww.w3.org%2F2000%2Fsvg%27%20width%3D%27150%27%20height%3D%27150%27%20viewBox%3D%270%200%20150%20150%27%3E%3Crect%20width%3D%27150%27%20height%3D%27150%27%20fill-opacity%3D%220%22%2F%3E%3C%2Fsvg%3E\" data-srcset=\"https:\/\/www.lieblings-lisa.de\/wp-content\/uploads\/2019\/09\/Lisas_Lieblingsleckereien_Blog_Food_Kochen_Lisa-Portrait-66x66.jpg 66w, https:\/\/www.lieblings-lisa.de\/wp-content\/uploads\/2019\/09\/Lisas_Lieblingsleckereien_Blog_Food_Kochen_Lisa-Portrait-150x150.jpg 150w, https:\/\/www.lieblings-lisa.de\/wp-content\/uploads\/2019\/09\/Lisas_Lieblingsleckereien_Blog_Food_Kochen_Lisa-Portrait-200x200.jpg 200w, https:\/\/www.lieblings-lisa.de\/wp-content\/uploads\/2019\/09\/Lisas_Lieblingsleckereien_Blog_Food_Kochen_Lisa-Portrait-300x300.jpg 300w, https:\/\/www.lieblings-lisa.de\/wp-content\/uploads\/2019\/09\/Lisas_Lieblingsleckereien_Blog_Food_Kochen_Lisa-Portrait-400x400.jpg 400w, https:\/\/www.lieblings-lisa.de\/wp-content\/uploads\/2019\/09\/Lisas_Lieblingsleckereien_Blog_Food_Kochen_Lisa-Portrait-500x500.jpg 500w, https:\/\/www.lieblings-lisa.de\/wp-content\/uploads\/2019\/09\/Lisas_Lieblingsleckereien_Blog_Food_Kochen_Lisa-Portrait-600x600.jpg 600w, https:\/\/www.lieblings-lisa.de\/wp-content\/uploads\/2019\/09\/Lisas_Lieblingsleckereien_Blog_Food_Kochen_Lisa-Portrait-768x768.jpg 768w, https:\/\/www.lieblings-lisa.de\/wp-content\/uploads\/2019\/09\/Lisas_Lieblingsleckereien_Blog_Food_Kochen_Lisa-Portrait-800x800.jpg 800w, https:\/\/www.lieblings-lisa.de\/wp-content\/uploads\/2019\/09\/Lisas_Lieblingsleckereien_Blog_Food_Kochen_Lisa-Portrait.jpg 892w\" data-sizes=\"auto\" data-orig-sizes=\"(max-width: 150px) 100vw, 150px\" \/>Ich bin Lisa, ein leidenschaftlicher &#8222;Foodie&#8220;. Egal ob kochen oder backen, ich liebe es, neue Rezepte auszuprobieren und zu fotografieren. Meine Lieblingsrezepte entdecke ich dabei in B\u00fcchern, in Zeitschriften, im Internet oder auf Reisen.<\/p>\n<\/div><div class=\"fusion-clearfix\"><\/div><\/div><\/div><\/div><\/div><div class=\"fusion-fullwidth fullwidth-box fusion-builder-row-9 no-print nonhundred-percent-fullwidth non-hundred-percent-height-scrolling\" style=\"--awb-border-radius-top-left:0px;--awb-border-radius-top-right:0px;--awb-border-radius-bottom-right:0px;--awb-border-radius-bottom-left:0px;--awb-margin-top:30px;--awb-flex-wrap:wrap;\" ><div class=\"fusion-builder-row fusion-row\"><div class=\"fusion-layout-column fusion_builder_column fusion-builder-column-16 fusion_builder_column_1_1 1_1 fusion-one-full fusion-column-first fusion-column-last fusion-animated\" style=\"--awb-bg-size:cover;\" data-animationType=\"rubberBand\" data-animationDuration=\"0.5\" data-animationOffset=\"top-into-view\"><div class=\"fusion-column-wrapper fusion-column-has-shadow fusion-flex-column-wrapper-legacy\"><div class=\"fusion-image-element fusion-image-align-center in-legacy-container\" style=\"text-align:center;--awb-max-width:525px;--awb-caption-title-font-family:var(--h2_typography-font-family);--awb-caption-title-font-weight:var(--h2_typography-font-weight);--awb-caption-title-font-style:var(--h2_typography-font-style);--awb-caption-title-size:var(--h2_typography-font-size);--awb-caption-title-transform:var(--h2_typography-text-transform);--awb-caption-title-line-height:var(--h2_typography-line-height);--awb-caption-title-letter-spacing:var(--h2_typography-letter-spacing);\"><div class=\"imageframe-align-center\"><span class=\" fusion-imageframe imageframe-none imageframe-8 hover-type-none fusion-animated\" data-animationType=\"rubberBand\" data-animationDuration=\"1.0\" data-animationOffset=\"top-into-view\"><img decoding=\"async\" width=\"1024\" height=\"108\" title=\"Lisas_Lieblingsleckereien_Blog_Food_Kochen_Logo_trenner\" src=\"https:\/\/www.lieblings-lisa.de\/wp-content\/uploads\/2019\/09\/Lisas_Lieblingsleckereien_Blog_Food_Kochen_Logo_trenner.png\" data-orig-src=\"https:\/\/www.lieblings-lisa.de\/wp-content\/uploads\/2019\/09\/Lisas_Lieblingsleckereien_Blog_Food_Kochen_Logo_trenner-1024x108.png\" alt class=\"lazyload img-responsive wp-image-744\" srcset=\"data:image\/svg+xml,%3Csvg%20xmlns%3D%27http%3A%2F%2Fwww.w3.org%2F2000%2Fsvg%27%20width%3D%271049%27%20height%3D%27111%27%20viewBox%3D%270%200%201049%20111%27%3E%3Crect%20width%3D%271049%27%20height%3D%27111%27%20fill-opacity%3D%220%22%2F%3E%3C%2Fsvg%3E\" data-srcset=\"https:\/\/www.lieblings-lisa.de\/wp-content\/uploads\/2019\/09\/Lisas_Lieblingsleckereien_Blog_Food_Kochen_Logo_trenner-200x21.png 200w, https:\/\/www.lieblings-lisa.de\/wp-content\/uploads\/2019\/09\/Lisas_Lieblingsleckereien_Blog_Food_Kochen_Logo_trenner-400x42.png 400w, https:\/\/www.lieblings-lisa.de\/wp-content\/uploads\/2019\/09\/Lisas_Lieblingsleckereien_Blog_Food_Kochen_Logo_trenner-600x63.png 600w, https:\/\/www.lieblings-lisa.de\/wp-content\/uploads\/2019\/09\/Lisas_Lieblingsleckereien_Blog_Food_Kochen_Logo_trenner-800x85.png 800w, https:\/\/www.lieblings-lisa.de\/wp-content\/uploads\/2019\/09\/Lisas_Lieblingsleckereien_Blog_Food_Kochen_Logo_trenner.png 1049w\" data-sizes=\"auto\" data-orig-sizes=\"(max-width: 800px) 100vw, 1024px\" \/><\/span><\/div><\/div><div class=\"fusion-text fusion-text-11\"><h6 style=\"text-align: center;\"><span style=\"color: #dd85ba;\">Weitere interessante Rezepte<br \/>\n<\/span><\/h6>\n<\/div><div class=\"fusion-clearfix\"><\/div><\/div><\/div><\/div><\/div><div class=\"fusion-fullwidth fullwidth-box fusion-builder-row-10 no-print nonhundred-percent-fullwidth non-hundred-percent-height-scrolling\" style=\"--awb-border-radius-top-left:0px;--awb-border-radius-top-right:0px;--awb-border-radius-bottom-right:0px;--awb-border-radius-bottom-left:0px;--awb-flex-wrap:wrap;\" ><div class=\"fusion-builder-row fusion-row\"><div class=\"fusion-layout-column fusion_builder_column fusion-builder-column-17 fusion_builder_column_1_1 1_1 fusion-one-full fusion-column-first fusion-column-last fusion-animated\" style=\"--awb-bg-size:cover;\" data-animationType=\"slideInUp\" data-animationDuration=\"0.3\" data-animationOffset=\"top-into-view\"><div class=\"fusion-column-wrapper fusion-column-has-shadow fusion-flex-column-wrapper-legacy\"><div class=\"fusion-blog-shortcode fusion-blog-shortcode-1 fusion-blog-archive fusion-blog-layout-grid-wrapper fusion-blog-no fusion-blog-layout-left\"><style type=\"text\/css\">.fusion-blog-shortcode-1 .fusion-blog-layout-grid .fusion-post-grid{padding:13.5px;}.fusion-blog-shortcode-1 .fusion-posts-container{margin-left: -13.5px !important; margin-right:-13.5px !important;}<\/style><div class=\"fusion-posts-container fusion-posts-container-no fusion-no-meta-info fusion-blog-rollover fusion-blog-layout-grid fusion-blog-layout-grid-2 isotope fusion-blog-equal-heights\" data-pages=\"45\" data-grid-col-space=\"27\" style=\"margin: -13.5px -13.5px 0;min-height:500px;\"><article id=\"blog-1-post-1450\" class=\"fusion-post-grid post-1450 post type-post status-publish format-standard has-post-thumbnail hentry category-snacks-dips-fingerfood tag-hummus tag-sandwich\">\n<div class=\"fusion-post-wrapper\" style=\"background-color:rgba(242,242,242,1);border:none;\">\n\n\t\t\t<div class=\"fusion-flexslider flexslider fusion-flexslider-loading fusion-post-slideshow\" style=\"border-color:rgba(235,234,234,0);\">\n\t\t<ul class=\"slides\">\n\t\t\t\n\t\t\t\t\t\t\t\t\t\t\t\t\t\t<li><div  class=\"fusion-image-wrapper\" aria-haspopup=\"true\">\n\t\t\t\t<img decoding=\"async\" width=\"1920\" height=\"1444\" src=\"data:image\/svg+xml,%3Csvg%20xmlns%3D%27http%3A%2F%2Fwww.w3.org%2F2000%2Fsvg%27%20width%3D%271920%27%20height%3D%271444%27%20viewBox%3D%270%200%201920%201444%27%3E%3Crect%20width%3D%271920%27%20height%3D%271444%27%20fill-opacity%3D%220%22%2F%3E%3C%2Fsvg%3E\" class=\"attachment-full size-full lazyload wp-post-image\" alt=\"\" data-orig-src=\"https:\/\/www.lieblings-lisa.de\/wp-content\/uploads\/2020\/04\/A1-1-scaled-e1588153549827.jpg\" \/><div class=\"fusion-rollover\">\n\t<div class=\"fusion-rollover-content\">\n\n\t\t\t\t\t\t\t\t\t\t\n\t\t\t\t\t\t\t\t\t\t\t\t\t\t\n\t\t\t\t\t\t\t\t\n\t\t\t\t\t\t\t\t\n\t\t\t\t\t\t\t\t\t\t\t\t\t\t\t\t\t\t<a class=\"fusion-rollover-gallery\" href=\"https:\/\/www.lieblings-lisa.de\/wp-content\/uploads\/2020\/04\/A1-1-scaled-e1588153549827.jpg\" data-options=\"\" data-id=\"1450\" data-rel=\"iLightbox[gallery]\" data-title=\"A1\" data-caption=\"\">\n\t\t\t\t\t\tGallerie\t\t\t\t\t<\/a>\n\t\t\t\t\t\t\t\t\t\t\t\t\t\t\n\t\t\n\t\t\t\t\t\t\t\t\t\t\t\t<h4 class=\"fusion-rollover-title\">\n\t\t\t\t\t<a class=\"fusion-rollover-title-link\" href=\"https:\/\/www.lieblings-lisa.de\/?p=1450\">\n\t\t\t\t\t\tSandwich mit Orangenbutter und Rote Beete Hummus\t\t\t\t\t<\/a>\n\t\t\t\t<\/h4>\n\t\t\t\n\t\t\t\t\t\t\t\t\t\t<div class=\"fusion-rollover-categories\"><a href=\"https:\/\/www.lieblings-lisa.de\/?cat=39\" rel=\"tag\">Snacks, Dips &amp; Fingerfood<\/a><\/div>\t\t\t\t\t\n\t\t\n\t\t\t\t\t\t<a class=\"fusion-link-wrapper\" href=\"https:\/\/www.lieblings-lisa.de\/?p=1450\" aria-label=\"Sandwich mit Orangenbutter und Rote Beete Hummus\"><\/a>\n\t<\/div>\n<\/div>\n<\/div>\n<\/li>\n\t\t\t\n\t\t\t\n\t\t\t\t\t\t\t\t\t\t\t\t\t\t\t\t\t\t\t\t\t\t\t\t\t\t\t\t\t\t\t\t\t\t\t\t\t\t\t\t\t\t\t\t\t\t\t\t\t\t\t\t\t\t\t\t\t\t\t\t\t\t\t\t\t\t\t\t<\/ul>\n\t<\/div>\n\t<div class=\"fusion-post-content-wrapper\" style=\"padding:30px 25px 20px 25px; display:none;\"><div class=\"fusion-post-content post-content\"><\/div><\/div><div class=\"fusion-clearfix\"><\/div><\/div>\n<\/article>\n<article id=\"blog-1-post-1491\" class=\"fusion-post-grid post-1491 post type-post status-publish format-standard has-post-thumbnail hentry category-salate-suppen tag-apfel tag-feldsalat tag-salat\">\n<div class=\"fusion-post-wrapper\" style=\"background-color:rgba(242,242,242,1);border:none;\">\n\n\t\t\t<div class=\"fusion-flexslider flexslider fusion-flexslider-loading fusion-post-slideshow\" style=\"border-color:rgba(235,234,234,0);\">\n\t\t<ul class=\"slides\">\n\t\t\t\n\t\t\t\t\t\t\t\t\t\t\t\t\t\t<li><div  class=\"fusion-image-wrapper\" aria-haspopup=\"true\">\n\t\t\t\t<img decoding=\"async\" width=\"1600\" height=\"1203\" src=\"data:image\/svg+xml,%3Csvg%20xmlns%3D%27http%3A%2F%2Fwww.w3.org%2F2000%2Fsvg%27%20width%3D%271600%27%20height%3D%271203%27%20viewBox%3D%270%200%201600%201203%27%3E%3Crect%20width%3D%271600%27%20height%3D%271203%27%20fill-opacity%3D%220%22%2F%3E%3C%2Fsvg%3E\" class=\"attachment-full size-full lazyload wp-post-image\" alt=\"\" data-orig-src=\"https:\/\/www.lieblings-lisa.de\/wp-content\/uploads\/2020\/05\/An-scaled-e1589203743362.jpg\" \/><div class=\"fusion-rollover\">\n\t<div class=\"fusion-rollover-content\">\n\n\t\t\t\t\t\t\t\t\t\t\n\t\t\t\t\t\t\t\t\t\t\t\t\t\t\n\t\t\t\t\t\t\t\t\n\t\t\t\t\t\t\t\t\n\t\t\t\t\t\t\t\t\t\t\t\t\t\t\t\t\t\t<a class=\"fusion-rollover-gallery\" href=\"https:\/\/www.lieblings-lisa.de\/wp-content\/uploads\/2020\/05\/An-scaled-e1589203743362.jpg\" data-options=\"\" data-id=\"1491\" data-rel=\"iLightbox[gallery]\" data-title=\"Feldsalat mit Apfel und Linsen\" data-caption=\"\">\n\t\t\t\t\t\tGallerie\t\t\t\t\t<\/a>\n\t\t\t\t\t\t\t\t\t\t\t\t\t\t\n\t\t\n\t\t\t\t\t\t\t\t\t\t\t\t<h4 class=\"fusion-rollover-title\">\n\t\t\t\t\t<a class=\"fusion-rollover-title-link\" href=\"https:\/\/www.lieblings-lisa.de\/?p=1491\">\n\t\t\t\t\t\tFeldsalat mit Linsen, Apfel und Feta\t\t\t\t\t<\/a>\n\t\t\t\t<\/h4>\n\t\t\t\n\t\t\t\t\t\t\t\t\t\t<div class=\"fusion-rollover-categories\"><a href=\"https:\/\/www.lieblings-lisa.de\/?cat=38\" rel=\"tag\">Salate &amp; Suppen<\/a><\/div>\t\t\t\t\t\n\t\t\n\t\t\t\t\t\t<a class=\"fusion-link-wrapper\" href=\"https:\/\/www.lieblings-lisa.de\/?p=1491\" aria-label=\"Feldsalat mit Linsen, Apfel und Feta\"><\/a>\n\t<\/div>\n<\/div>\n<\/div>\n<\/li>\n\t\t\t\n\t\t\t\n\t\t\t\t\t\t\t\t\t\t\t\t\t\t\t\t\t\t\t\t\t\t\t\t\t\t\t\t\t\t\t\t\t\t\t\t\t\t\t\t\t\t\t\t\t\t\t\t\t\t\t\t\t\t\t\t\t\t\t\t\t\t\t\t\t\t\t\t<\/ul>\n\t<\/div>\n\t<div class=\"fusion-post-content-wrapper\" style=\"padding:30px 25px 20px 25px; display:none;\"><div class=\"fusion-post-content post-content\"><\/div><\/div><div class=\"fusion-clearfix\"><\/div><\/div>\n<\/article>\n<div class=\"fusion-clearfix\"><\/div><\/div><\/div><div class=\"fusion-clearfix\"><\/div><\/div><\/div><\/div><\/div><div class=\"fusion-fullwidth fullwidth-box fusion-builder-row-11 no-print nonhundred-percent-fullwidth non-hundred-percent-height-scrolling\" style=\"--awb-border-radius-top-left:0px;--awb-border-radius-top-right:0px;--awb-border-radius-bottom-right:0px;--awb-border-radius-bottom-left:0px;--awb-flex-wrap:wrap;\" ><div class=\"fusion-builder-row fusion-row\"><div class=\"fusion-layout-column fusion_builder_column fusion-builder-column-18 fusion_builder_column_1_1 1_1 fusion-one-full fusion-column-first fusion-column-last fusion-animated\" style=\"--awb-bg-size:cover;\" data-animationType=\"slideInLeft\" data-animationDuration=\"0.3\" data-animationOffset=\"top-into-view\"><div class=\"fusion-column-wrapper fusion-column-has-shadow fusion-flex-column-wrapper-legacy\"><div class=\"fusion-sharing-box fusion-sharing-box-1 has-taglines layout-floated layout-medium-floated layout-small-floated\" style=\"background-color:#f6f6f6;--awb-layout:row;--awb-alignment-small:space-between;\" data-title=\"Feldsalat mit Linsen, Apfel und Feta\" data-description=\"Zubereitung   \r\n\u201eIch hab Hunger.\u201c\r\n\u201eIm K\u00fchlschrank ist Salat.\u201c\r\n\u201eSuper, dann bin ich mal drau\u00dfen, um etwas Essbares damit anzulocken.\u201c \r\n\r\nJa, der gute alte Salat muss so einige Witze \u00fcber sich ergehen lassen. F\u00fcr viele ist er geschmacklos, langweilig und das typische \u201eDi\u00e4tessen\u201c. Doch,\" data-link=\"https:\/\/www.lieblings-lisa.de\/?p=1491\"><h4 class=\"tagline\" style=\"color:#333333;\">Teile Dein Essen :<\/h4><div class=\"fusion-social-networks sharingbox-shortcode-icon-wrapper sharingbox-shortcode-icon-wrapper-1\"><span><a href=\"https:\/\/www.facebook.com\/sharer.php?u=https%3A%2F%2Fwww.lieblings-lisa.de%2F%3Fp%3D1491&amp;t=Feldsalat%20mit%20Linsen%2C%20Apfel%20und%20Feta\" target=\"_blank\" rel=\"noreferrer\" title=\"Facebook\" aria-label=\"Facebook\" data-placement=\"top\" data-toggle=\"tooltip\" data-title=\"Facebook\"><i class=\"fusion-social-network-icon fusion-tooltip fusion-facebook awb-icon-facebook\" style=\"color:#bebdbd;\" aria-hidden=\"true\"><\/i><\/a><\/span><span><a href=\"https:\/\/x.com\/intent\/post?text=Feldsalat%20mit%20Linsen%2C%20Apfel%20und%20Feta&amp;url=https%3A%2F%2Fwww.lieblings-lisa.de%2F%3Fp%3D1491\" target=\"_blank\" rel=\"noopener noreferrer\" title=\"X\" aria-label=\"X\" data-placement=\"top\" data-toggle=\"tooltip\" data-title=\"X\"><i class=\"fusion-social-network-icon fusion-tooltip fusion-twitter awb-icon-twitter\" style=\"color:#bebdbd;\" aria-hidden=\"true\"><\/i><\/a><\/span><span><a href=\"https:\/\/reddit.com\/submit?url=https%3A%2F%2Fwww.lieblings-lisa.de%2F%3Fp%3D1491&amp;title=Feldsalat%20mit%20Linsen%2C%20Apfel%20und%20Feta\" target=\"_blank\" rel=\"noopener noreferrer\" title=\"Reddit\" aria-label=\"Reddit\" data-placement=\"top\" data-toggle=\"tooltip\" data-title=\"Reddit\"><i class=\"fusion-social-network-icon fusion-tooltip fusion-reddit awb-icon-reddit\" style=\"color:#bebdbd;\" aria-hidden=\"true\"><\/i><\/a><\/span><span><a href=\"https:\/\/www.linkedin.com\/shareArticle?mini=true&amp;url=https%3A%2F%2Fwww.lieblings-lisa.de%2F%3Fp%3D1491&amp;title=Feldsalat%20mit%20Linsen%2C%20Apfel%20und%20Feta&amp;summary=Zubereitung%20%20%20%20%20%0D%0A%E2%80%9EIch%20hab%20Hunger.%E2%80%9C%0D%0A%E2%80%9EIm%20K%C3%BChlschrank%20ist%20Salat.%E2%80%9C%0D%0A%E2%80%9ESuper%2C%20dann%20bin%20ich%20mal%20drau%C3%9Fen%2C%20um%20etwas%20Essbares%20damit%20anzulocken.%E2%80%9C%20%0D%0A%0D%0AJa%2C%20der%20gute%20alte%20Salat%20muss%20so%20einige%20Witze%20%C3%BCber%20sich%20ergehen%20lassen.%20F%C3%BCr%20viele%20ist%20er%20geschmacklos%2C%20langweilig%20und%20das%20typische%20%E2%80%9EDi%C3%A4tessen%E2%80%9C.%20Doch%2C\" target=\"_blank\" rel=\"noopener noreferrer\" title=\"LinkedIn\" aria-label=\"LinkedIn\" data-placement=\"top\" data-toggle=\"tooltip\" data-title=\"LinkedIn\"><i class=\"fusion-social-network-icon fusion-tooltip fusion-linkedin awb-icon-linkedin\" style=\"color:#bebdbd;\" aria-hidden=\"true\"><\/i><\/a><\/span><span><a href=\"https:\/\/api.whatsapp.com\/send?text=https%3A%2F%2Fwww.lieblings-lisa.de%2F%3Fp%3D1491\" target=\"_blank\" rel=\"noopener noreferrer\" title=\"WhatsApp\" aria-label=\"WhatsApp\" data-placement=\"top\" data-toggle=\"tooltip\" data-title=\"WhatsApp\"><i class=\"fusion-social-network-icon fusion-tooltip fusion-whatsapp awb-icon-whatsapp\" style=\"color:#bebdbd;\" aria-hidden=\"true\"><\/i><\/a><\/span><span><a href=\"https:\/\/www.tumblr.com\/share\/link?url=https%3A%2F%2Fwww.lieblings-lisa.de%2F%3Fp%3D1491&amp;name=Feldsalat%20mit%20Linsen%2C%20Apfel%20und%20Feta&amp;description=Zubereitung%20%20%20%20%20%0D%0A%E2%80%9EIch%20hab%20Hunger.%E2%80%9C%0D%0A%E2%80%9EIm%20K%C3%BChlschrank%20ist%20Salat.%E2%80%9C%0D%0A%E2%80%9ESuper%2C%20dann%20bin%20ich%20mal%20drau%C3%9Fen%2C%20um%20etwas%20Essbares%20damit%20anzulocken.%E2%80%9C%20%0D%0A%0D%0AJa%2C%20der%20gute%20alte%20Salat%20muss%20so%20einige%20Witze%20%C3%BCber%20sich%20ergehen%20lassen.%20F%C3%BCr%20viele%20ist%20er%20geschmacklos%2C%20langweilig%20und%20das%20typische%20%E2%80%9EDi%C3%A4tessen%E2%80%9C.%20Doch%2C\" target=\"_blank\" rel=\"noopener noreferrer\" title=\"Tumblr\" aria-label=\"Tumblr\" data-placement=\"top\" data-toggle=\"tooltip\" data-title=\"Tumblr\"><i class=\"fusion-social-network-icon fusion-tooltip fusion-tumblr awb-icon-tumblr\" style=\"color:#bebdbd;\" aria-hidden=\"true\"><\/i><\/a><\/span><span><a href=\"https:\/\/pinterest.com\/pin\/create\/button\/?url=https%3A%2F%2Fwww.lieblings-lisa.de%2F%3Fp%3D1491&amp;description=Zubereitung%20%20%20%20%20%0D%0A%E2%80%9EIch%20hab%20Hunger.%E2%80%9C%0D%0A%E2%80%9EIm%20K%C3%BChlschrank%20ist%20Salat.%E2%80%9C%0D%0A%E2%80%9ESuper%2C%20dann%20bin%20ich%20mal%20drau%C3%9Fen%2C%20um%20etwas%20Essbares%20damit%20anzulocken.%E2%80%9C%20%0D%0A%0D%0AJa%2C%20der%20gute%20alte%20Salat%20muss%20so%20einige%20Witze%20%C3%BCber%20sich%20ergehen%20lassen.%20F%C3%BCr%20viele%20ist%20er%20geschmacklos%2C%20langweilig%20und%20das%20typische%20%E2%80%9EDi%C3%A4tessen%E2%80%9C.%20Doch%2C&amp;media=\" target=\"_blank\" rel=\"noopener noreferrer\" title=\"Pinterest\" aria-label=\"Pinterest\" data-placement=\"top\" data-toggle=\"tooltip\" data-title=\"Pinterest\"><i class=\"fusion-social-network-icon fusion-tooltip fusion-pinterest awb-icon-pinterest\" style=\"color:#bebdbd;\" aria-hidden=\"true\"><\/i><\/a><\/span><span><a href=\"https:\/\/vkontakte.ru\/share.php?url=https%3A%2F%2Fwww.lieblings-lisa.de%2F%3Fp%3D1491&amp;title=Feldsalat%20mit%20Linsen%2C%20Apfel%20und%20Feta&amp;description=Zubereitung%20%20%20%20%20%0D%0A%E2%80%9EIch%20hab%20Hunger.%E2%80%9C%0D%0A%E2%80%9EIm%20K%C3%BChlschrank%20ist%20Salat.%E2%80%9C%0D%0A%E2%80%9ESuper%2C%20dann%20bin%20ich%20mal%20drau%C3%9Fen%2C%20um%20etwas%20Essbares%20damit%20anzulocken.%E2%80%9C%20%0D%0A%0D%0AJa%2C%20der%20gute%20alte%20Salat%20muss%20so%20einige%20Witze%20%C3%BCber%20sich%20ergehen%20lassen.%20F%C3%BCr%20viele%20ist%20er%20geschmacklos%2C%20langweilig%20und%20das%20typische%20%E2%80%9EDi%C3%A4tessen%E2%80%9C.%20Doch%2C\" target=\"_blank\" rel=\"noopener noreferrer\" title=\"Vk\" aria-label=\"Vk\" data-placement=\"top\" data-toggle=\"tooltip\" data-title=\"Vk\"><i class=\"fusion-social-network-icon fusion-tooltip fusion-vk awb-icon-vk\" style=\"color:#bebdbd;\" aria-hidden=\"true\"><\/i><\/a><\/span><span><a href=\"mailto:?subject=Feldsalat%20mit%20Linsen%2C%20Apfel%20und%20Feta&amp;body=https%3A%2F%2Fwww.lieblings-lisa.de%2F%3Fp%3D1491\" target=\"_self\" title=\"E-Mail\" aria-label=\"E-Mail\" data-placement=\"top\" data-toggle=\"tooltip\" data-title=\"E-Mail\"><i class=\"fusion-social-network-icon fusion-tooltip fusion-mail awb-icon-mail\" style=\"color:#bebdbd;\" aria-hidden=\"true\"><\/i><\/a><\/span><\/div><\/div><div class=\"fusion-clearfix\"><\/div><\/div><\/div><\/div><\/div><div class=\"fusion-fullwidth fullwidth-box fusion-builder-row-12 no-print nonhundred-percent-fullwidth non-hundred-percent-height-scrolling\" style=\"--awb-border-radius-top-left:0px;--awb-border-radius-top-right:0px;--awb-border-radius-bottom-right:0px;--awb-border-radius-bottom-left:0px;--awb-margin-top:30px;--awb-flex-wrap:wrap;\" ><div class=\"fusion-builder-row fusion-row\"><div class=\"fusion-layout-column fusion_builder_column fusion-builder-column-19 fusion_builder_column_1_1 1_1 fusion-one-full fusion-column-first fusion-column-last fusion-animated\" style=\"--awb-bg-size:cover;\" data-animationType=\"rubberBand\" data-animationDuration=\"0.5\" data-animationOffset=\"top-into-view\"><div class=\"fusion-column-wrapper fusion-column-has-shadow fusion-flex-column-wrapper-legacy\"><div class=\"fusion-image-element fusion-image-align-center in-legacy-container\" style=\"text-align:center;--awb-max-width:525px;--awb-caption-title-font-family:var(--h2_typography-font-family);--awb-caption-title-font-weight:var(--h2_typography-font-weight);--awb-caption-title-font-style:var(--h2_typography-font-style);--awb-caption-title-size:var(--h2_typography-font-size);--awb-caption-title-transform:var(--h2_typography-text-transform);--awb-caption-title-line-height:var(--h2_typography-line-height);--awb-caption-title-letter-spacing:var(--h2_typography-letter-spacing);\"><div class=\"imageframe-align-center\"><span class=\" fusion-imageframe imageframe-none imageframe-9 hover-type-none fusion-animated\" data-animationType=\"rubberBand\" data-animationDuration=\"1.0\" data-animationOffset=\"top-into-view\"><img decoding=\"async\" width=\"1024\" height=\"108\" title=\"Lisas_Lieblingsleckereien_Blog_Food_Kochen_Logo_trenner\" src=\"https:\/\/www.lieblings-lisa.de\/wp-content\/uploads\/2019\/09\/Lisas_Lieblingsleckereien_Blog_Food_Kochen_Logo_trenner.png\" data-orig-src=\"https:\/\/www.lieblings-lisa.de\/wp-content\/uploads\/2019\/09\/Lisas_Lieblingsleckereien_Blog_Food_Kochen_Logo_trenner-1024x108.png\" alt class=\"lazyload img-responsive wp-image-744\" srcset=\"data:image\/svg+xml,%3Csvg%20xmlns%3D%27http%3A%2F%2Fwww.w3.org%2F2000%2Fsvg%27%20width%3D%271049%27%20height%3D%27111%27%20viewBox%3D%270%200%201049%20111%27%3E%3Crect%20width%3D%271049%27%20height%3D%27111%27%20fill-opacity%3D%220%22%2F%3E%3C%2Fsvg%3E\" data-srcset=\"https:\/\/www.lieblings-lisa.de\/wp-content\/uploads\/2019\/09\/Lisas_Lieblingsleckereien_Blog_Food_Kochen_Logo_trenner-200x21.png 200w, https:\/\/www.lieblings-lisa.de\/wp-content\/uploads\/2019\/09\/Lisas_Lieblingsleckereien_Blog_Food_Kochen_Logo_trenner-400x42.png 400w, https:\/\/www.lieblings-lisa.de\/wp-content\/uploads\/2019\/09\/Lisas_Lieblingsleckereien_Blog_Food_Kochen_Logo_trenner-600x63.png 600w, https:\/\/www.lieblings-lisa.de\/wp-content\/uploads\/2019\/09\/Lisas_Lieblingsleckereien_Blog_Food_Kochen_Logo_trenner-800x85.png 800w, https:\/\/www.lieblings-lisa.de\/wp-content\/uploads\/2019\/09\/Lisas_Lieblingsleckereien_Blog_Food_Kochen_Logo_trenner.png 1049w\" data-sizes=\"auto\" data-orig-sizes=\"(max-width: 800px) 100vw, 1024px\" \/><\/span><\/div><\/div><div class=\"fusion-text fusion-text-12 head-six-comment\"><h6 style=\"text-align: center;\"><span style=\"color: #dd85ba;\">Platz f\u00fcr Kommentare<br \/>\n<\/span><\/h6>\n<\/div><div class=\"fusion-clearfix\"><\/div><\/div><\/div><\/div><\/div><\/p>\n","protected":false},"excerpt":{"rendered":"","protected":false},"author":2,"featured_media":1104,"comment_status":"open","ping_status":"closed","sticky":false,"template":"","format":"standard","meta":{"footnotes":""},"categories":[37],"tags":[79,80,77,78],"class_list":["post-1105","post","type-post","status-publish","format-standard","has-post-thumbnail","hentry","category-suesse-suende","tag-apfel","tag-dessert","tag-im-glas","tag-spekulatius"],"yoast_head":"<!-- This site is optimized with the Yoast SEO plugin v25.3.1 - https:\/\/yoast.com\/wordpress\/plugins\/seo\/ -->\n<title>Joghurt-Apfel-Dessert mit Spekulatius-Granola - Lisas Lieblingsleckereien<\/title>\n<meta name=\"description\" content=\"Joghurtcreme auf zimtigem Apfelkompott, getoppt mit selbstgemachtem Spekulatius-Granola. Herbst und Weihnachten in einem Rezept vereint!\" \/>\n<meta name=\"robots\" content=\"index, follow, max-snippet:-1, max-image-preview:large, max-video-preview:-1\" \/>\n<link rel=\"canonical\" href=\"https:\/\/www.lieblings-lisa.de\/?p=1105\" \/>\n<meta property=\"og:locale\" content=\"de_DE\" \/>\n<meta property=\"og:type\" content=\"article\" \/>\n<meta property=\"og:title\" content=\"Joghurt-Apfel-Dessert mit Spekulatius-Granola - Lisas Lieblingsleckereien\" \/>\n<meta property=\"og:description\" content=\"Joghurtcreme auf zimtigem Apfelkompott, getoppt mit selbstgemachtem Spekulatius-Granola. Herbst und Weihnachten in einem Rezept vereint!\" \/>\n<meta property=\"og:url\" content=\"https:\/\/www.lieblings-lisa.de\/?p=1105\" \/>\n<meta property=\"og:site_name\" content=\"Lisas Lieblingsleckereien\" \/>\n<meta property=\"article:published_time\" content=\"2019-12-18T20:41:38+00:00\" \/>\n<meta property=\"article:modified_time\" content=\"2023-11-18T13:29:03+00:00\" \/>\n<meta property=\"og:image\" content=\"https:\/\/www.lieblings-lisa.de\/wp-content\/uploads\/2020\/01\/CA1-scaled-e1579379070135.jpg\" \/>\n\t<meta property=\"og:image:width\" content=\"1708\" \/>\n\t<meta property=\"og:image:height\" content=\"1286\" \/>\n\t<meta property=\"og:image:type\" content=\"image\/jpeg\" \/>\n<meta name=\"author\" content=\"Lisa\" \/>\n<meta name=\"twitter:card\" content=\"summary_large_image\" \/>\n<meta name=\"twitter:label1\" content=\"Geschrieben von\" \/>\n\t<meta name=\"twitter:data1\" content=\"Lisa\" \/>\n\t<meta name=\"twitter:label2\" content=\"Gesch\u00e4tzte Lesezeit\" \/>\n\t<meta name=\"twitter:data2\" content=\"19\u00a0Minuten\" \/>\n<script type=\"application\/ld+json\" class=\"yoast-schema-graph\">{\"@context\":\"https:\/\/schema.org\",\"@graph\":[{\"@type\":\"WebPage\",\"@id\":\"https:\/\/www.lieblings-lisa.de\/?p=1105\",\"url\":\"https:\/\/www.lieblings-lisa.de\/?p=1105\",\"name\":\"Joghurt-Apfel-Dessert mit Spekulatius-Granola - Lisas Lieblingsleckereien\",\"isPartOf\":{\"@id\":\"https:\/\/www.lieblings-lisa.de\/#website\"},\"primaryImageOfPage\":{\"@id\":\"https:\/\/www.lieblings-lisa.de\/?p=1105#primaryimage\"},\"image\":{\"@id\":\"https:\/\/www.lieblings-lisa.de\/?p=1105#primaryimage\"},\"thumbnailUrl\":\"https:\/\/www.lieblings-lisa.de\/wp-content\/uploads\/2020\/01\/CA1-scaled-e1579379070135.jpg\",\"datePublished\":\"2019-12-18T20:41:38+00:00\",\"dateModified\":\"2023-11-18T13:29:03+00:00\",\"author\":{\"@id\":\"https:\/\/www.lieblings-lisa.de\/#\/schema\/person\/a5140dc8da23124000c3aff117ec9a74\"},\"description\":\"Joghurtcreme auf zimtigem Apfelkompott, getoppt mit selbstgemachtem Spekulatius-Granola. Herbst und Weihnachten in einem Rezept vereint!\",\"breadcrumb\":{\"@id\":\"https:\/\/www.lieblings-lisa.de\/?p=1105#breadcrumb\"},\"inLanguage\":\"de\",\"potentialAction\":[{\"@type\":\"ReadAction\",\"target\":[\"https:\/\/www.lieblings-lisa.de\/?p=1105\"]}]},{\"@type\":\"ImageObject\",\"inLanguage\":\"de\",\"@id\":\"https:\/\/www.lieblings-lisa.de\/?p=1105#primaryimage\",\"url\":\"https:\/\/www.lieblings-lisa.de\/wp-content\/uploads\/2020\/01\/CA1-scaled-e1579379070135.jpg\",\"contentUrl\":\"https:\/\/www.lieblings-lisa.de\/wp-content\/uploads\/2020\/01\/CA1-scaled-e1579379070135.jpg\",\"width\":1708,\"height\":1286},{\"@type\":\"BreadcrumbList\",\"@id\":\"https:\/\/www.lieblings-lisa.de\/?p=1105#breadcrumb\",\"itemListElement\":[{\"@type\":\"ListItem\",\"position\":1,\"name\":\"Startseite\",\"item\":\"https:\/\/www.lieblings-lisa.de\/\"},{\"@type\":\"ListItem\",\"position\":2,\"name\":\"Joghurt mit Apfel-Zimt-Kompott und Spekulatius-Granola\"}]},{\"@type\":\"WebSite\",\"@id\":\"https:\/\/www.lieblings-lisa.de\/#website\",\"url\":\"https:\/\/www.lieblings-lisa.de\/\",\"name\":\"Lisas Lieblingsleckereien\",\"description\":\"Kulinarisches zum Nachkochen\",\"potentialAction\":[{\"@type\":\"SearchAction\",\"target\":{\"@type\":\"EntryPoint\",\"urlTemplate\":\"https:\/\/www.lieblings-lisa.de\/?s={search_term_string}\"},\"query-input\":{\"@type\":\"PropertyValueSpecification\",\"valueRequired\":true,\"valueName\":\"search_term_string\"}}],\"inLanguage\":\"de\"},{\"@type\":\"Person\",\"@id\":\"https:\/\/www.lieblings-lisa.de\/#\/schema\/person\/a5140dc8da23124000c3aff117ec9a74\",\"name\":\"Lisa\",\"image\":{\"@type\":\"ImageObject\",\"inLanguage\":\"de\",\"@id\":\"https:\/\/www.lieblings-lisa.de\/#\/schema\/person\/image\/\",\"url\":\"https:\/\/secure.gravatar.com\/avatar\/41f568d2c706fabbda1b04e6ae16862ccf6d8613cf0ca8a2486576eb0bf32b83?s=96&d=mm&r=g\",\"contentUrl\":\"https:\/\/secure.gravatar.com\/avatar\/41f568d2c706fabbda1b04e6ae16862ccf6d8613cf0ca8a2486576eb0bf32b83?s=96&d=mm&r=g\",\"caption\":\"Lisa\"},\"url\":\"https:\/\/www.lieblings-lisa.de\/?author=2\"}]}<\/script>\n<!-- \/ Yoast SEO plugin. -->","yoast_head_json":{"title":"Joghurt-Apfel-Dessert mit Spekulatius-Granola - Lisas Lieblingsleckereien","description":"Joghurtcreme auf zimtigem Apfelkompott, getoppt mit selbstgemachtem Spekulatius-Granola. Herbst und Weihnachten in einem Rezept vereint!","robots":{"index":"index","follow":"follow","max-snippet":"max-snippet:-1","max-image-preview":"max-image-preview:large","max-video-preview":"max-video-preview:-1"},"canonical":"https:\/\/www.lieblings-lisa.de\/?p=1105","og_locale":"de_DE","og_type":"article","og_title":"Joghurt-Apfel-Dessert mit Spekulatius-Granola - Lisas Lieblingsleckereien","og_description":"Joghurtcreme auf zimtigem Apfelkompott, getoppt mit selbstgemachtem Spekulatius-Granola. Herbst und Weihnachten in einem Rezept vereint!","og_url":"https:\/\/www.lieblings-lisa.de\/?p=1105","og_site_name":"Lisas Lieblingsleckereien","article_published_time":"2019-12-18T20:41:38+00:00","article_modified_time":"2023-11-18T13:29:03+00:00","og_image":[{"width":1708,"height":1286,"url":"https:\/\/www.lieblings-lisa.de\/wp-content\/uploads\/2020\/01\/CA1-scaled-e1579379070135.jpg","type":"image\/jpeg"}],"author":"Lisa","twitter_card":"summary_large_image","twitter_misc":{"Geschrieben von":"Lisa","Gesch\u00e4tzte Lesezeit":"19\u00a0Minuten"},"schema":{"@context":"https:\/\/schema.org","@graph":[{"@type":"WebPage","@id":"https:\/\/www.lieblings-lisa.de\/?p=1105","url":"https:\/\/www.lieblings-lisa.de\/?p=1105","name":"Joghurt-Apfel-Dessert mit Spekulatius-Granola - Lisas Lieblingsleckereien","isPartOf":{"@id":"https:\/\/www.lieblings-lisa.de\/#website"},"primaryImageOfPage":{"@id":"https:\/\/www.lieblings-lisa.de\/?p=1105#primaryimage"},"image":{"@id":"https:\/\/www.lieblings-lisa.de\/?p=1105#primaryimage"},"thumbnailUrl":"https:\/\/www.lieblings-lisa.de\/wp-content\/uploads\/2020\/01\/CA1-scaled-e1579379070135.jpg","datePublished":"2019-12-18T20:41:38+00:00","dateModified":"2023-11-18T13:29:03+00:00","author":{"@id":"https:\/\/www.lieblings-lisa.de\/#\/schema\/person\/a5140dc8da23124000c3aff117ec9a74"},"description":"Joghurtcreme auf zimtigem Apfelkompott, getoppt mit selbstgemachtem Spekulatius-Granola. Herbst und Weihnachten in einem Rezept vereint!","breadcrumb":{"@id":"https:\/\/www.lieblings-lisa.de\/?p=1105#breadcrumb"},"inLanguage":"de","potentialAction":[{"@type":"ReadAction","target":["https:\/\/www.lieblings-lisa.de\/?p=1105"]}]},{"@type":"ImageObject","inLanguage":"de","@id":"https:\/\/www.lieblings-lisa.de\/?p=1105#primaryimage","url":"https:\/\/www.lieblings-lisa.de\/wp-content\/uploads\/2020\/01\/CA1-scaled-e1579379070135.jpg","contentUrl":"https:\/\/www.lieblings-lisa.de\/wp-content\/uploads\/2020\/01\/CA1-scaled-e1579379070135.jpg","width":1708,"height":1286},{"@type":"BreadcrumbList","@id":"https:\/\/www.lieblings-lisa.de\/?p=1105#breadcrumb","itemListElement":[{"@type":"ListItem","position":1,"name":"Startseite","item":"https:\/\/www.lieblings-lisa.de\/"},{"@type":"ListItem","position":2,"name":"Joghurt mit Apfel-Zimt-Kompott und Spekulatius-Granola"}]},{"@type":"WebSite","@id":"https:\/\/www.lieblings-lisa.de\/#website","url":"https:\/\/www.lieblings-lisa.de\/","name":"Lisas Lieblingsleckereien","description":"Kulinarisches zum Nachkochen","potentialAction":[{"@type":"SearchAction","target":{"@type":"EntryPoint","urlTemplate":"https:\/\/www.lieblings-lisa.de\/?s={search_term_string}"},"query-input":{"@type":"PropertyValueSpecification","valueRequired":true,"valueName":"search_term_string"}}],"inLanguage":"de"},{"@type":"Person","@id":"https:\/\/www.lieblings-lisa.de\/#\/schema\/person\/a5140dc8da23124000c3aff117ec9a74","name":"Lisa","image":{"@type":"ImageObject","inLanguage":"de","@id":"https:\/\/www.lieblings-lisa.de\/#\/schema\/person\/image\/","url":"https:\/\/secure.gravatar.com\/avatar\/41f568d2c706fabbda1b04e6ae16862ccf6d8613cf0ca8a2486576eb0bf32b83?s=96&d=mm&r=g","contentUrl":"https:\/\/secure.gravatar.com\/avatar\/41f568d2c706fabbda1b04e6ae16862ccf6d8613cf0ca8a2486576eb0bf32b83?s=96&d=mm&r=g","caption":"Lisa"},"url":"https:\/\/www.lieblings-lisa.de\/?author=2"}]}},"_links":{"self":[{"href":"https:\/\/www.lieblings-lisa.de\/index.php?rest_route=\/wp\/v2\/posts\/1105","targetHints":{"allow":["GET"]}}],"collection":[{"href":"https:\/\/www.lieblings-lisa.de\/index.php?rest_route=\/wp\/v2\/posts"}],"about":[{"href":"https:\/\/www.lieblings-lisa.de\/index.php?rest_route=\/wp\/v2\/types\/post"}],"author":[{"embeddable":true,"href":"https:\/\/www.lieblings-lisa.de\/index.php?rest_route=\/wp\/v2\/users\/2"}],"replies":[{"embeddable":true,"href":"https:\/\/www.lieblings-lisa.de\/index.php?rest_route=%2Fwp%2Fv2%2Fcomments&post=1105"}],"version-history":[{"count":5,"href":"https:\/\/www.lieblings-lisa.de\/index.php?rest_route=\/wp\/v2\/posts\/1105\/revisions"}],"predecessor-version":[{"id":3397,"href":"https:\/\/www.lieblings-lisa.de\/index.php?rest_route=\/wp\/v2\/posts\/1105\/revisions\/3397"}],"wp:featuredmedia":[{"embeddable":true,"href":"https:\/\/www.lieblings-lisa.de\/index.php?rest_route=\/wp\/v2\/media\/1104"}],"wp:attachment":[{"href":"https:\/\/www.lieblings-lisa.de\/index.php?rest_route=%2Fwp%2Fv2%2Fmedia&parent=1105"}],"wp:term":[{"taxonomy":"category","embeddable":true,"href":"https:\/\/www.lieblings-lisa.de\/index.php?rest_route=%2Fwp%2Fv2%2Fcategories&post=1105"},{"taxonomy":"post_tag","embeddable":true,"href":"https:\/\/www.lieblings-lisa.de\/index.php?rest_route=%2Fwp%2Fv2%2Ftags&post=1105"}],"curies":[{"name":"wp","href":"https:\/\/api.w.org\/{rel}","templated":true}]}}