{"id":1491,"date":"2020-05-26T20:46:27","date_gmt":"2020-05-26T19:46:27","guid":{"rendered":"https:\/\/www.lieblings-lisa.de\/?p=1491"},"modified":"2020-05-26T20:46:27","modified_gmt":"2020-05-26T19:46:27","slug":"feldsalat-mit-linsen-apfel-und-feta","status":"publish","type":"post","link":"https:\/\/www.lieblings-lisa.de\/?p=1491","title":{"rendered":"Feldsalat mit Linsen, Apfel und Feta"},"content":{"rendered":"<p><div class=\"fusion-fullwidth fullwidth-box fusion-builder-row-1 no-print nonhundred-percent-fullwidth non-hundred-percent-height-scrolling\" style=\"--awb-border-radius-top-left:0px;--awb-border-radius-top-right:0px;--awb-border-radius-bottom-right:0px;--awb-border-radius-bottom-left:0px;--awb-background-color:rgba(255,255,255,0);--awb-flex-wrap:wrap;\" ><div class=\"fusion-builder-row fusion-row\"><div class=\"fusion-layout-column fusion_builder_column fusion-builder-column-0 fusion_builder_column_1_1 1_1 fusion-one-full fusion-column-first fusion-column-last\" style=\"--awb-bg-size:cover;\"><div class=\"fusion-column-wrapper fusion-column-has-shadow fusion-flex-column-wrapper-legacy\">\n<div class=\"fusion-slider-revolution rev_slider_wrapper\">\t\t\t<!-- START Beitrag REVOLUTION SLIDER 6.7.14 --><p class=\"rs-p-wp-fix\"><\/p>\n\t\t\t<rs-module-wrap id=\"rev_slider_5_1_wrapper\" data-source=\"post\" style=\"visibility:hidden;background:transparent;padding:0;margin:0px auto;margin-top:0;margin-bottom:0;\">\n\t\t\t\t<rs-module id=\"rev_slider_5_1\" style=\"\" data-version=\"6.7.14\">\n\t\t\t\t\t<rs-slides style=\"overflow: hidden; position: absolute;\">\n\t\t\t\t\t\t<rs-slide style=\"position: absolute;\" data-key=\"rs-1491\" data-title=\"Feldsalat mit Linsen, Apfel und Feta\" data-in=\"o:0;\" data-out=\"a:false;\">\n\t\t\t\t\t\t\t<img decoding=\"async\" src=\"\/\/www.lieblings-lisa.de\/wp-content\/plugins\/revslider\/sr6\/assets\/assets\/dummy.png\" alt=\"Feldsalat mit Linsen, Apfel und Feta\" title=\"Feldsalat mit Linsen, Apfel und Feta\" class=\"rev-slidebg tp-rs-img rs-lazyload\" data-lazyload=\"\/\/www.lieblings-lisa.de\/wp-content\/plugins\/revslider\/sr6\/assets\/assets\/transparent.png\" data-no-retina>\n<!--\n\t\t\t\t\t\t\t--><rs-layer\n\t\t\t\t\t\t\t\tid=\"slider-5-slide-1491-layer-0\" \n\t\t\t\t\t\t\t\tclass=\"bild-beitrag-rechts rs-selectable\"\n\t\t\t\t\t\t\t\tdata-type=\"image\"\n\t\t\t\t\t\t\t\tdata-rsp_ch=\"on\"\n\t\t\t\t\t\t\t\tdata-xy=\"x:r,r,r,c;\"\n\t\t\t\t\t\t\t\tdata-text=\"w:normal;s:20,16,12,7;l:0,20,15,9;\"\n\t\t\t\t\t\t\t\tdata-dim=\"w:60%,60%,60%,720px;h:auto,auto,auto,100%;\"\n\t\t\t\t\t\t\t\tdata-basealign=\"slide\"\n\t\t\t\t\t\t\t\tdata-frame_999=\"o:0;st:w;\"\n\t\t\t\t\t\t\t\tstyle=\"z-index:8;\"\n\t\t\t\t\t\t\t><img decoding=\"async\" src=\"\/\/www.lieblings-lisa.de\/wp-content\/plugins\/revslider\/sr6\/assets\/assets\/dummy.png\" alt=\"\" class=\"disable-lazyload tp-rs-img rs-lazyload\" width=\"1600\" height=\"1203\" data-lazyload=\"\/\/www.lieblings-lisa.de\/wp-content\/uploads\/2020\/05\/An-scaled-e1589203743362.jpg\" data-no-retina> \n\t\t\t\t\t\t\t<\/rs-layer><!--\n\n\t\t\t\t\t\t\t--><rs-layer\n\t\t\t\t\t\t\t\tid=\"slider-5-slide-1491-layer-1\" \n\t\t\t\t\t\t\t\tclass=\"rs-selectable\"\n\t\t\t\t\t\t\t\tdata-type=\"shape\"\n\t\t\t\t\t\t\t\tdata-rsp_ch=\"on\"\n\t\t\t\t\t\t\t\tdata-text=\"w:normal;s:20,16,12,7;l:0,20,15,9;\"\n\t\t\t\t\t\t\t\tdata-dim=\"w:30%;h:100%;\"\n\t\t\t\t\t\t\t\tdata-vbility=\"t,t,f,f\"\n\t\t\t\t\t\t\t\tdata-frame_999=\"o:0;st:w;\"\n\t\t\t\t\t\t\t\tstyle=\"z-index:9;background-color:#ffffff;\"\n\t\t\t\t\t\t\t> \n\t\t\t\t\t\t\t<\/rs-layer><!--\n\n\t\t\t\t\t\t\t--><rs-layer\n\t\t\t\t\t\t\t\tid=\"slider-5-slide-1491-layer-2\" \n\t\t\t\t\t\t\t\tclass=\"rs-selectable\"\n\t\t\t\t\t\t\t\tdata-type=\"shape\"\n\t\t\t\t\t\t\t\tdata-rsp_ch=\"on\"\n\t\t\t\t\t\t\t\tdata-text=\"w:normal;s:20,16,12,7;l:0,20,15,9;\"\n\t\t\t\t\t\t\t\tdata-dim=\"w:100%;h:100%;\"\n\t\t\t\t\t\t\t\tdata-frame_999=\"o:0;st:w;\"\n\t\t\t\t\t\t\t\tstyle=\"z-index:10;background:linear-gradient(90deg, rgba(255,255,255,0.8) 0%, rgba(255,255,255,0) 100%);\"\n\t\t\t\t\t\t\t> \n\t\t\t\t\t\t\t<\/rs-layer><!--\n\n\t\t\t\t\t\t\t--><h1\n\t\t\t\t\t\t\t\tid=\"slider-5-slide-1491-layer-3\" \n\t\t\t\t\t\t\t\tclass=\"rs-layer rs-selectable\"\n\t\t\t\t\t\t\t\tdata-type=\"text\"\n\t\t\t\t\t\t\t\tdata-color=\"#373737\"\n\t\t\t\t\t\t\t\tdata-tsh=\"h:3px,2px,1px,0px;v:3px,2px,1px,0px;b:3px,2px,1px,0px;\"\n\t\t\t\t\t\t\t\tdata-rsp_ch=\"on\"\n\t\t\t\t\t\t\t\tdata-xy=\"xo:50px,41px,31px,19px;yo:115px,115px,80px,80px;\"\n\t\t\t\t\t\t\t\tdata-text=\"w:normal;s:60,60,50,50;l:55,55,45,45;\"\n\t\t\t\t\t\t\t\tdata-dim=\"w:60%,60%,60%,447px;h:auto,auto,auto,39px;maxw:1200px,1000px,700px,none;\"\n\t\t\t\t\t\t\t\tdata-wrpcls=\"hg-linie\"\n\t\t\t\t\t\t\t\tdata-frame_999=\"o:0;st:w;\"\n\t\t\t\t\t\t\t\tstyle=\"z-index:13;font-family:'Lobster';white-space:normal !important;\"\n\t\t\t\t\t\t\t><span class=\"hg-linie\">Feldsalat mit Linsen, Apfel und Feta<\/span> \n\t\t\t\t\t\t\t<\/h1><!--\n\n\t\t\t\t\t\t\t--><h3\n\t\t\t\t\t\t\t\tid=\"slider-5-slide-1491-layer-4\" \n\t\t\t\t\t\t\t\tclass=\"rs-layer category-color-dark rs-selectable\"\n\t\t\t\t\t\t\t\tdata-type=\"text\"\n\t\t\t\t\t\t\t\tdata-color=\"#373737\"\n\t\t\t\t\t\t\t\tdata-tsh=\"h:3px,2px,1px,0px;v:3px,2px,1px,0px;b:3px,2px,1px,0px;\"\n\t\t\t\t\t\t\t\tdata-rsp_ch=\"on\"\n\t\t\t\t\t\t\t\tdata-xy=\"xo:50px,41px,31px,19px;yo:30px,30px,20px,20px;\"\n\t\t\t\t\t\t\t\tdata-text=\"w:normal;s:20,20,16,18;l:25,20,15,9;ls:4px,3px,2px,1px;fw:700;\"\n\t\t\t\t\t\t\t\tdata-frame_999=\"o:0;st:w;\"\n\t\t\t\t\t\t\t\tstyle=\"z-index:14;font-family:'Kanit';text-transform:uppercase;color:#373737 !important;\"\n\t\t\t\t\t\t\t><a href=\"https:\/\/www.lieblings-lisa.de\/?cat=38\" title=\"View all posts in Salate &amp; Suppen\" rel=\"category\">Salate &amp; Suppen<\/a> \n\t\t\t\t\t\t\t<\/h3><!--\n\n\t\t\t\t\t\t\t--><h3\n\t\t\t\t\t\t\t\tid=\"slider-5-slide-1491-layer-6\" \n\t\t\t\t\t\t\t\tclass=\"rs-layer rs-selectable\"\n\t\t\t\t\t\t\t\tdata-type=\"text\"\n\t\t\t\t\t\t\t\tdata-color=\"#373737\"\n\t\t\t\t\t\t\t\tdata-tsh=\"h:3px,2px,1px,0px;v:3px,2px,1px,0px;b:3px,2px,1px,0px;\"\n\t\t\t\t\t\t\t\tdata-rsp_ch=\"on\"\n\t\t\t\t\t\t\t\tdata-xy=\"xo:50px,41px,31px,19px;yo:70px,70px,50px,50px;\"\n\t\t\t\t\t\t\t\tdata-text=\"w:normal;s:20,20,16,18;l:25,20,15,9;ls:4px,3px,2px,1px;fw:300;\"\n\t\t\t\t\t\t\t\tdata-frame_999=\"o:0;st:w;\"\n\t\t\t\t\t\t\t\tstyle=\"z-index:11;font-family:'Kanit';text-transform:uppercase;\"\n\t\t\t\t\t\t\t>26. Mai 2020 \n\t\t\t\t\t\t\t<\/h3><!--\n-->\t\t\t\t\t<\/rs-slide>\n\t\t\t\t\t<\/rs-slides>\n\t\t\t\t<\/rs-module>\n\t\t\t\t<script>\n\t\t\t\t\tsetREVStartSize({c: 'rev_slider_5_1',rl:[1240,1024,778,480],el:[530,500,550,480],gw:[1240,1024,778,480],gh:[530,500,550,480],type:'hero',justify:'',layout:'fullwidth',mh:\"0\"});if (window.RS_MODULES!==undefined && window.RS_MODULES.modules!==undefined && window.RS_MODULES.modules[\"revslider51\"]!==undefined) {window.RS_MODULES.modules[\"revslider51\"].once = false;window.revapi5 = undefined;if (window.RS_MODULES.checkMinimal!==undefined) window.RS_MODULES.checkMinimal()}\n\t\t\t\t<\/script>\n\t\t\t<\/rs-module-wrap>\n\t\t\t<!-- END REVOLUTION SLIDER -->\n<\/div><div class=\"fusion-clearfix\"><\/div><\/div><\/div><\/div><\/div><div class=\"fusion-fullwidth fullwidth-box fusion-builder-row-2 no-print nonhundred-percent-fullwidth non-hundred-percent-height-scrolling\" style=\"--awb-border-radius-top-left:0px;--awb-border-radius-top-right:0px;--awb-border-radius-bottom-right:0px;--awb-border-radius-bottom-left:0px;--awb-margin-top:30px;--awb-flex-wrap:wrap;\" ><div class=\"fusion-builder-row fusion-row\"><div class=\"fusion-layout-column fusion_builder_column fusion-builder-column-1 fusion_builder_column_3_4 3_4 fusion-three-fourth fusion-column-first fusion-animated\" style=\"--awb-bg-size:cover;width:75%;width:calc(75% - ( ( 4% ) * 0.75 ) );margin-right: 4%;\" data-animationType=\"rubberBand\" data-animationDuration=\"0.5\" data-animationOffset=\"top-into-view\"><div class=\"fusion-column-wrapper fusion-column-has-shadow fusion-flex-column-wrapper-legacy\"><div class=\"fusion-image-element fusion-image-align-center in-legacy-container\" style=\"text-align:center;--awb-max-width:525px;--awb-caption-title-font-family:var(--h2_typography-font-family);--awb-caption-title-font-weight:var(--h2_typography-font-weight);--awb-caption-title-font-style:var(--h2_typography-font-style);--awb-caption-title-size:var(--h2_typography-font-size);--awb-caption-title-transform:var(--h2_typography-text-transform);--awb-caption-title-line-height:var(--h2_typography-line-height);--awb-caption-title-letter-spacing:var(--h2_typography-letter-spacing);\"><div class=\"imageframe-align-center\"><span class=\" fusion-imageframe imageframe-none imageframe-1 hover-type-none fusion-animated\" data-animationType=\"rubberBand\" data-animationDuration=\"1.0\" data-animationOffset=\"top-into-view\"><img decoding=\"async\" width=\"1024\" height=\"108\" title=\"Lisas_Lieblingsleckereien_Blog_Food_Kochen_Logo_trenner\" src=\"https:\/\/www.lieblings-lisa.de\/wp-content\/uploads\/2019\/09\/Lisas_Lieblingsleckereien_Blog_Food_Kochen_Logo_trenner.png\" data-orig-src=\"https:\/\/www.lieblings-lisa.de\/wp-content\/uploads\/2019\/09\/Lisas_Lieblingsleckereien_Blog_Food_Kochen_Logo_trenner-1024x108.png\" alt class=\"lazyload img-responsive wp-image-744\" srcset=\"data:image\/svg+xml,%3Csvg%20xmlns%3D%27http%3A%2F%2Fwww.w3.org%2F2000%2Fsvg%27%20width%3D%271049%27%20height%3D%27111%27%20viewBox%3D%270%200%201049%20111%27%3E%3Crect%20width%3D%271049%27%20height%3D%27111%27%20fill-opacity%3D%220%22%2F%3E%3C%2Fsvg%3E\" data-srcset=\"https:\/\/www.lieblings-lisa.de\/wp-content\/uploads\/2019\/09\/Lisas_Lieblingsleckereien_Blog_Food_Kochen_Logo_trenner-200x21.png 200w, https:\/\/www.lieblings-lisa.de\/wp-content\/uploads\/2019\/09\/Lisas_Lieblingsleckereien_Blog_Food_Kochen_Logo_trenner-400x42.png 400w, https:\/\/www.lieblings-lisa.de\/wp-content\/uploads\/2019\/09\/Lisas_Lieblingsleckereien_Blog_Food_Kochen_Logo_trenner-600x63.png 600w, https:\/\/www.lieblings-lisa.de\/wp-content\/uploads\/2019\/09\/Lisas_Lieblingsleckereien_Blog_Food_Kochen_Logo_trenner-800x85.png 800w, https:\/\/www.lieblings-lisa.de\/wp-content\/uploads\/2019\/09\/Lisas_Lieblingsleckereien_Blog_Food_Kochen_Logo_trenner.png 1049w\" data-sizes=\"auto\" data-orig-sizes=\"(max-width: 800px) 100vw, 800px\" \/><\/span><\/div><\/div><div class=\"fusion-text fusion-text-1\"><h6 style=\"text-align: center;\"><span style=\"color: #dd85ba;\">Zubereitung<\/span><\/h6>\n<\/div><div class=\"fusion-clearfix\"><\/div><\/div><\/div><div class=\"fusion-layout-column fusion_builder_column fusion-builder-column-2 fusion_builder_column_1_4 1_4 fusion-one-fourth fusion-column-last\" style=\"--awb-bg-size:cover;width:25%;width:calc(25% - ( ( 4% ) * 0.25 ) );\"><div class=\"fusion-column-wrapper fusion-column-has-shadow fusion-flex-column-wrapper-legacy\"><div class=\"fusion-clearfix\"><\/div><\/div><\/div><\/div><\/div><div class=\"fusion-fullwidth fullwidth-box fusion-builder-row-3 no-print nonhundred-percent-fullwidth non-hundred-percent-height-scrolling\" style=\"--awb-border-radius-top-left:0px;--awb-border-radius-top-right:0px;--awb-border-radius-bottom-right:0px;--awb-border-radius-bottom-left:0px;--awb-flex-wrap:wrap;\" ><div class=\"fusion-builder-row fusion-row\"><div class=\"fusion-layout-column fusion_builder_column fusion-builder-column-3 fusion_builder_column_3_4 3_4 fusion-three-fourth fusion-column-first\" style=\"--awb-bg-size:cover;width:75%;width:calc(75% - ( ( 4% ) * 0.75 ) );margin-right: 4%;\"><div class=\"fusion-column-wrapper fusion-column-has-shadow fusion-flex-column-wrapper-legacy\"><div class=\"fusion-text fusion-text-2\"><p style=\"text-align: center;\"><em>\u201eIch hab Hunger.\u201c<\/em><br \/>\n<em>\u201eIm K\u00fchlschrank ist Salat.\u201c<\/em><br \/>\n<em>\u201eSuper, dann bin ich mal drau\u00dfen, um etwas Essbares damit anzulocken.\u201c<\/em><\/p>\n<\/div><div class=\"fusion-text fusion-text-3 fusion-animated\" data-animationType=\"slideInLeft\" data-animationDuration=\"0.3\" data-animationOffset=\"top-into-view\"><p><span class=\"fusion-dropcap dropcap\">J<\/span>a, der gute alte Salat muss so einige Witze \u00fcber sich ergehen lassen. F\u00fcr viele ist er geschmacklos, langweilig und das typische \u201eDi\u00e4tessen\u201c. Doch, dass Salat auch anders kann, beweist dieses leckere Rezept! Denn mit den richtigen Zutaten kann auch aus dem gr\u00fcnen Gem\u00fcse ein wahres Genusserlebnis werden!<\/p>\n<\/div><div class=\"fusion-builder-row fusion-builder-row-inner fusion-row\"><div class=\"fusion-layout-column fusion_builder_column_inner fusion-builder-nested-column-0 fusion_builder_column_inner_1_2 1_2 fusion-one-half fusion-column-first\" style=\"--awb-bg-size:cover;width:50%;width:calc(50% - ( ( 4% ) * 0.5 ) );margin-right: 4%;\"><div class=\"fusion-column-wrapper fusion-column-has-shadow fusion-flex-column-wrapper-legacy\"><div class=\"fusion-image-element in-legacy-container\" style=\"--awb-caption-title-font-family:var(--h2_typography-font-family);--awb-caption-title-font-weight:var(--h2_typography-font-weight);--awb-caption-title-font-style:var(--h2_typography-font-style);--awb-caption-title-size:var(--h2_typography-font-size);--awb-caption-title-transform:var(--h2_typography-text-transform);--awb-caption-title-line-height:var(--h2_typography-line-height);--awb-caption-title-letter-spacing:var(--h2_typography-letter-spacing);\"><span class=\" fusion-imageframe imageframe-none imageframe-2 hover-type-none\"><img decoding=\"async\" width=\"683\" height=\"1024\" title=\"Feldsalat mit Apfel und Linsen\" src=\"data:image\/svg+xml,%3Csvg%20xmlns%3D%27http%3A%2F%2Fwww.w3.org%2F2000%2Fsvg%27%20width%3D%271050%27%20height%3D%271574%27%20viewBox%3D%270%200%201050%201574%27%3E%3Crect%20width%3D%271050%27%20height%3D%271574%27%20fill-opacity%3D%220%22%2F%3E%3C%2Fsvg%3E\" data-orig-src=\"https:\/\/www.lieblings-lisa.de\/wp-content\/uploads\/2020\/05\/BBn-683x1024.jpg\" alt class=\"lazyload img-responsive wp-image-1495\"\/><\/span><\/div><div class=\"fusion-clearfix\"><\/div><\/div><\/div><div class=\"fusion-layout-column fusion_builder_column_inner fusion-builder-nested-column-1 fusion_builder_column_inner_1_2 1_2 fusion-one-half fusion-column-last\" style=\"--awb-bg-size:cover;width:50%;width:calc(50% - ( ( 4% ) * 0.5 ) );\"><div class=\"fusion-column-wrapper fusion-column-has-shadow fusion-flex-column-wrapper-legacy\"><div class=\"fusion-image-element in-legacy-container\" style=\"--awb-caption-title-font-family:var(--h2_typography-font-family);--awb-caption-title-font-weight:var(--h2_typography-font-weight);--awb-caption-title-font-style:var(--h2_typography-font-style);--awb-caption-title-size:var(--h2_typography-font-size);--awb-caption-title-transform:var(--h2_typography-text-transform);--awb-caption-title-line-height:var(--h2_typography-line-height);--awb-caption-title-letter-spacing:var(--h2_typography-letter-spacing);\"><span class=\" fusion-imageframe imageframe-none imageframe-3 hover-type-none\"><img decoding=\"async\" width=\"683\" height=\"1024\" title=\"Feldsalat mit Apfel und Linsen\" src=\"data:image\/svg+xml,%3Csvg%20xmlns%3D%27http%3A%2F%2Fwww.w3.org%2F2000%2Fsvg%27%20width%3D%271060%27%20height%3D%271589%27%20viewBox%3D%270%200%201060%201589%27%3E%3Crect%20width%3D%271060%27%20height%3D%271589%27%20fill-opacity%3D%220%22%2F%3E%3C%2Fsvg%3E\" data-orig-src=\"https:\/\/www.lieblings-lisa.de\/wp-content\/uploads\/2020\/05\/BBBn-683x1024.jpg\" alt class=\"lazyload img-responsive wp-image-1494\"\/><\/span><\/div><div class=\"fusion-clearfix\"><\/div><\/div><\/div><\/div><div class=\"fusion-text fusion-text-4\"><p>Die Basis dieses Salates ist knackiger Feldsalat. Zu diesem gesellen sich Linsen, fruchtige Apfelst\u00fccke und w\u00fcrzige Feta W\u00fcrfel. Ihr seht, es braucht nicht viele Zutaten um ein leckeres Gericht zu zaubern! Zudem geht die Zubereitung extrem schnell. Ihr m\u00fcsst nicht lange in der K\u00fcche stehen und tats\u00e4chlich darf der Herd bei diesem Gericht mal kalt bleiben. Das perfekte Rezept, wenn es mal wieder schnell gehen muss!<\/p>\n<\/div><div class=\"fusion-text fusion-text-5\"><p>Zu einem leckeren Salat geh\u00f6rt nat\u00fcrlich ein gutes Dressing! Anstelle eines \u201enormalen\u201c Balsamico Dressings, kommt in diesen Salat ein selbst gemachtes Orangendressing. Dieses bringt noch mal eine angenehme Fruchtigkeit in den Salat, was super mit den Apfelst\u00fccken harmoniert und einen perfekten Kontrast zum w\u00fcrzigen Feta darstellt!<\/p>\n<\/div><div class=\"fusion-builder-row fusion-builder-row-inner fusion-row\"><div class=\"fusion-layout-column fusion_builder_column_inner fusion-builder-nested-column-2 fusion_builder_column_inner_1_2 1_2 fusion-one-half fusion-column-first\" style=\"--awb-bg-size:cover;width:50%;width:calc(50% - ( ( 4% ) * 0.5 ) );margin-right: 4%;\"><div class=\"fusion-column-wrapper fusion-column-has-shadow fusion-flex-column-wrapper-legacy\"><div class=\"fusion-image-element in-legacy-container\" style=\"--awb-caption-title-font-family:var(--h2_typography-font-family);--awb-caption-title-font-weight:var(--h2_typography-font-weight);--awb-caption-title-font-style:var(--h2_typography-font-style);--awb-caption-title-size:var(--h2_typography-font-size);--awb-caption-title-transform:var(--h2_typography-text-transform);--awb-caption-title-line-height:var(--h2_typography-line-height);--awb-caption-title-letter-spacing:var(--h2_typography-letter-spacing);\"><span class=\" fusion-imageframe imageframe-none imageframe-4 hover-type-none\"><img decoding=\"async\" width=\"683\" height=\"1024\" title=\"Feldsalat mit Apfel und Linsen\" src=\"data:image\/svg+xml,%3Csvg%20xmlns%3D%27http%3A%2F%2Fwww.w3.org%2F2000%2Fsvg%27%20width%3D%271040%27%20height%3D%271559%27%20viewBox%3D%270%200%201040%201559%27%3E%3Crect%20width%3D%271040%27%20height%3D%271559%27%20fill-opacity%3D%220%22%2F%3E%3C%2Fsvg%3E\" data-orig-src=\"https:\/\/www.lieblings-lisa.de\/wp-content\/uploads\/2020\/05\/CCn-683x1024.jpg\" alt class=\"lazyload img-responsive wp-image-1497\"\/><\/span><\/div><div class=\"fusion-clearfix\"><\/div><\/div><\/div><div class=\"fusion-layout-column fusion_builder_column_inner fusion-builder-nested-column-3 fusion_builder_column_inner_1_2 1_2 fusion-one-half fusion-column-last\" style=\"--awb-bg-size:cover;width:50%;width:calc(50% - ( ( 4% ) * 0.5 ) );\"><div class=\"fusion-column-wrapper fusion-column-has-shadow fusion-flex-column-wrapper-legacy\"><div class=\"fusion-image-element in-legacy-container\" style=\"--awb-caption-title-font-family:var(--h2_typography-font-family);--awb-caption-title-font-weight:var(--h2_typography-font-weight);--awb-caption-title-font-style:var(--h2_typography-font-style);--awb-caption-title-size:var(--h2_typography-font-size);--awb-caption-title-transform:var(--h2_typography-text-transform);--awb-caption-title-line-height:var(--h2_typography-line-height);--awb-caption-title-letter-spacing:var(--h2_typography-letter-spacing);\"><span class=\" fusion-imageframe imageframe-none imageframe-5 hover-type-none\"><img decoding=\"async\" width=\"683\" height=\"1024\" title=\"Feldsalat mit Apfel und Linsen\" src=\"data:image\/svg+xml,%3Csvg%20xmlns%3D%27http%3A%2F%2Fwww.w3.org%2F2000%2Fsvg%27%20width%3D%271000%27%20height%3D%271499%27%20viewBox%3D%270%200%201000%201499%27%3E%3Crect%20width%3D%271000%27%20height%3D%271499%27%20fill-opacity%3D%220%22%2F%3E%3C%2Fsvg%3E\" data-orig-src=\"https:\/\/www.lieblings-lisa.de\/wp-content\/uploads\/2020\/05\/Cn-683x1024.jpg\" alt class=\"lazyload img-responsive wp-image-1498\"\/><\/span><\/div><div class=\"fusion-clearfix\"><\/div><\/div><\/div><\/div><div class=\"fusion-text fusion-text-6\"><p>Also ich bin sowieso ein extrem gro\u00dfer \u201eSalat-Fan\u201c. Denn Salat ist so viel mehr, als einfach nur \u201egr\u00fcn\u201c und \u201eDi\u00e4tessen\u201c. Bei der Zubereitung von Salat hat man so viele Variationsm\u00f6glichkeiten, dass \u201elangweilig\u201c auf jeden Fall die falsche Bezeichnung ist.<br \/>\nSo, das ist ja fast schon zu einer Hommage an Salat ausgeartet! Bevor ich euch jetzt seitenweise \u00fcber das Potenzial von diesem erz\u00e4hle, bekommt ihr einfach das Rezept und k\u00f6nnt euch selbst \u00fcberzeugen!<\/p>\n<\/div><div class=\"fusion-builder-row fusion-builder-row-inner fusion-row\"><div class=\"fusion-layout-column fusion_builder_column_inner fusion-builder-nested-column-4 fusion_builder_column_inner_1_1 1_1 fusion-one-full fusion-column-first fusion-column-last\" style=\"--awb-bg-size:cover;\"><div class=\"fusion-column-wrapper fusion-column-has-shadow fusion-flex-column-wrapper-legacy\"><div class=\"fusion-image-element in-legacy-container\" style=\"--awb-caption-title-font-family:var(--h2_typography-font-family);--awb-caption-title-font-weight:var(--h2_typography-font-weight);--awb-caption-title-font-style:var(--h2_typography-font-style);--awb-caption-title-size:var(--h2_typography-font-size);--awb-caption-title-transform:var(--h2_typography-text-transform);--awb-caption-title-line-height:var(--h2_typography-line-height);--awb-caption-title-letter-spacing:var(--h2_typography-letter-spacing);\"><span class=\" fusion-imageframe imageframe-none imageframe-6 hover-type-none\"><img decoding=\"async\" width=\"1024\" height=\"683\" title=\"Feldsalat mit Apfel und Linsen\" src=\"data:image\/svg+xml,%3Csvg%20xmlns%3D%27http%3A%2F%2Fwww.w3.org%2F2000%2Fsvg%27%20width%3D%271300%27%20height%3D%27868%27%20viewBox%3D%270%200%201300%20868%27%3E%3Crect%20width%3D%271300%27%20height%3D%27868%27%20fill-opacity%3D%220%22%2F%3E%3C%2Fsvg%3E\" data-orig-src=\"https:\/\/www.lieblings-lisa.de\/wp-content\/uploads\/2020\/05\/AAn-1024x683.jpg\" alt class=\"lazyload img-responsive wp-image-1492\"\/><\/span><\/div><div class=\"fusion-clearfix\"><\/div><\/div><\/div><\/div><div class=\"fusion-text fusion-text-7\"><p>Es werden auf jeden Fall weitere Salatrezepte folgen! Wer sich die Zeit bis dahin schon mal mit einem weiter Salatrezept vers\u00fc\u00dfen will, kann bei meiner \u201eSalatbowl\u201c vorbeischauen. Diese sollte jeden noch so gro\u00dfen Salatmuffel \u00fcberzeugen!<\/p>\n<\/div><div class=\"fusion-button-wrapper\"><a class=\"fusion-button button-flat fusion-button-default-size button-default fusion-button-default button-1 fusion-button-default-span fusion-button-default-type\" target=\"_self\" href=\"https:\/\/www.lieblings-lisa.de\/salatbowl-mit-nusstofu-und-brokkoli\/\"><span class=\"fusion-button-text awb-button__text awb-button__text--default\">Salatbowl mit Nusstofu und Brokkoli<\/span><\/a><\/div><div class=\"fusion-clearfix\"><\/div><\/div><\/div><div class=\"fusion-layout-column fusion_builder_column fusion-builder-column-4 fusion_builder_column_1_4 1_4 fusion-one-fourth fusion-column-last no-print fusion-no-small-visibility fusion-no-medium-visibility fusion-animated\" style=\"--awb-bg-size:cover;width:25%;width:calc(25% - ( ( 4% ) * 0.25 ) );\" data-animationType=\"slideInRight\" data-animationDuration=\"0.4\" data-animationOffset=\"top-into-view\"><div class=\"fusion-column-wrapper fusion-column-has-shadow fusion-flex-column-wrapper-legacy\"><div class=\"fusion-widget-area awb-widget-area-element fusion-widget-area-1 fusion-content-widget-area\" style=\"--awb-title-color:#373737;--awb-padding:0px 0px 0px 0px;\"><section id=\"search-2\" class=\"widget widget_search\" style=\"border-style: solid;border-color:transparent;border-width:0px;\">\t\t<form role=\"search\" class=\"searchform fusion-search-form  fusion-search-form-classic\" method=\"get\" action=\"https:\/\/www.lieblings-lisa.de\/\">\n\t\t\t<div class=\"fusion-search-form-content\">\n\n\t\t\t\t\n\t\t\t\t<div class=\"fusion-search-field search-field\">\n\t\t\t\t\t<label><span class=\"screen-reader-text\">Suche nach:<\/span>\n\t\t\t\t\t\t\t\t\t\t\t\t\t<input type=\"search\" value=\"\" name=\"s\" class=\"s\" placeholder=\"Suchen...\" required aria-required=\"true\" aria-label=\"Suchen...\"\/>\n\t\t\t\t\t\t\t\t\t\t\t<\/label>\n\t\t\t\t<\/div>\n\t\t\t\t<div class=\"fusion-search-button search-button\">\n\t\t\t\t\t<input type=\"submit\" class=\"fusion-search-submit searchsubmit\" aria-label=\"Suche\" value=\"&#xf002;\" \/>\n\t\t\t\t\t\t\t\t\t<\/div>\n\n\t\t\t\t\n\t\t\t<\/div>\n\n\n\t\t\t\n\t\t<\/form>\n\t\t<\/section><section id=\"text-2\" class=\"widget widget_text\"><div class=\"heading\"><h4 class=\"widget-title\">\u00dcber mich<\/h4><\/div>\t\t\t<div class=\"textwidget\"><p><img decoding=\"async\" class=\"lazyload rundes-bild alignleft wp-image-781 size-thumbnail\" src=\"https:\/\/www.lieblings-lisa.de\/wp-content\/uploads\/2019\/09\/Lisas_Lieblingsleckereien_Blog_Food_Kochen_Lisa-Portrait-150x150.jpg\" data-orig-src=\"https:\/\/www.lieblings-lisa.de\/wp-content\/uploads\/2019\/09\/Lisas_Lieblingsleckereien_Blog_Food_Kochen_Lisa-Portrait-150x150.jpg\" alt=\"\" width=\"150\" height=\"150\" srcset=\"data:image\/svg+xml,%3Csvg%20xmlns%3D%27http%3A%2F%2Fwww.w3.org%2F2000%2Fsvg%27%20width%3D%27150%27%20height%3D%27150%27%20viewBox%3D%270%200%20150%20150%27%3E%3Crect%20width%3D%27150%27%20height%3D%27150%27%20fill-opacity%3D%220%22%2F%3E%3C%2Fsvg%3E\" data-srcset=\"https:\/\/www.lieblings-lisa.de\/wp-content\/uploads\/2019\/09\/Lisas_Lieblingsleckereien_Blog_Food_Kochen_Lisa-Portrait-66x66.jpg 66w, https:\/\/www.lieblings-lisa.de\/wp-content\/uploads\/2019\/09\/Lisas_Lieblingsleckereien_Blog_Food_Kochen_Lisa-Portrait-150x150.jpg 150w, https:\/\/www.lieblings-lisa.de\/wp-content\/uploads\/2019\/09\/Lisas_Lieblingsleckereien_Blog_Food_Kochen_Lisa-Portrait-200x200.jpg 200w, https:\/\/www.lieblings-lisa.de\/wp-content\/uploads\/2019\/09\/Lisas_Lieblingsleckereien_Blog_Food_Kochen_Lisa-Portrait-300x300.jpg 300w, https:\/\/www.lieblings-lisa.de\/wp-content\/uploads\/2019\/09\/Lisas_Lieblingsleckereien_Blog_Food_Kochen_Lisa-Portrait-400x400.jpg 400w, https:\/\/www.lieblings-lisa.de\/wp-content\/uploads\/2019\/09\/Lisas_Lieblingsleckereien_Blog_Food_Kochen_Lisa-Portrait-500x500.jpg 500w, https:\/\/www.lieblings-lisa.de\/wp-content\/uploads\/2019\/09\/Lisas_Lieblingsleckereien_Blog_Food_Kochen_Lisa-Portrait-600x600.jpg 600w, https:\/\/www.lieblings-lisa.de\/wp-content\/uploads\/2019\/09\/Lisas_Lieblingsleckereien_Blog_Food_Kochen_Lisa-Portrait-768x768.jpg 768w, https:\/\/www.lieblings-lisa.de\/wp-content\/uploads\/2019\/09\/Lisas_Lieblingsleckereien_Blog_Food_Kochen_Lisa-Portrait-800x800.jpg 800w, https:\/\/www.lieblings-lisa.de\/wp-content\/uploads\/2019\/09\/Lisas_Lieblingsleckereien_Blog_Food_Kochen_Lisa-Portrait.jpg 892w\" data-sizes=\"auto\" data-orig-sizes=\"(max-width: 150px) 100vw, 150px\" \/>Ich bin Lisa, ein leidenschaftlicher &#8222;Foodie&#8220;. Egal ob kochen oder backen, ich liebe es, neue Rezepte auszuprobieren und zu fotografieren. Meine Lieblingsrezepte entdecke ich dabei in B\u00fcchern, in Zeitschriften, im Internet oder auf Reisen.<\/p>\n<\/div>\n\t\t<\/section><style type=\"text\/css\" data-id=\"media_image-2\">@media (max-width: 800px){#media_image-2{text-align:center !important;}}<\/style><section id=\"media_image-2\" class=\"fusion-widget-mobile-align-center fusion-widget-align-center widget widget_media_image\" style=\"text-align: center;\"><img decoding=\"async\" width=\"300\" height=\"32\" src=\"https:\/\/www.lieblings-lisa.de\/wp-content\/uploads\/2019\/09\/Lisas_Lieblingsleckereien_Blog_Food_Kochen_Logo_trenner-300x32.png\" class=\"image wp-image-744  attachment-medium size-medium lazyload\" alt=\"\" style=\"max-width: 100%; height: auto;\" srcset=\"data:image\/svg+xml,%3Csvg%20xmlns%3D%27http%3A%2F%2Fwww.w3.org%2F2000%2Fsvg%27%20width%3D%271049%27%20height%3D%27111%27%20viewBox%3D%270%200%201049%20111%27%3E%3Crect%20width%3D%271049%27%20height%3D%27111%27%20fill-opacity%3D%220%22%2F%3E%3C%2Fsvg%3E\" data-orig-src=\"https:\/\/www.lieblings-lisa.de\/wp-content\/uploads\/2019\/09\/Lisas_Lieblingsleckereien_Blog_Food_Kochen_Logo_trenner-300x32.png\" data-srcset=\"https:\/\/www.lieblings-lisa.de\/wp-content\/uploads\/2019\/09\/Lisas_Lieblingsleckereien_Blog_Food_Kochen_Logo_trenner-200x21.png 200w, https:\/\/www.lieblings-lisa.de\/wp-content\/uploads\/2019\/09\/Lisas_Lieblingsleckereien_Blog_Food_Kochen_Logo_trenner-300x32.png 300w, https:\/\/www.lieblings-lisa.de\/wp-content\/uploads\/2019\/09\/Lisas_Lieblingsleckereien_Blog_Food_Kochen_Logo_trenner-400x42.png 400w, https:\/\/www.lieblings-lisa.de\/wp-content\/uploads\/2019\/09\/Lisas_Lieblingsleckereien_Blog_Food_Kochen_Logo_trenner-600x63.png 600w, https:\/\/www.lieblings-lisa.de\/wp-content\/uploads\/2019\/09\/Lisas_Lieblingsleckereien_Blog_Food_Kochen_Logo_trenner-768x81.png 768w, https:\/\/www.lieblings-lisa.de\/wp-content\/uploads\/2019\/09\/Lisas_Lieblingsleckereien_Blog_Food_Kochen_Logo_trenner-800x85.png 800w, https:\/\/www.lieblings-lisa.de\/wp-content\/uploads\/2019\/09\/Lisas_Lieblingsleckereien_Blog_Food_Kochen_Logo_trenner-1024x108.png 1024w, https:\/\/www.lieblings-lisa.de\/wp-content\/uploads\/2019\/09\/Lisas_Lieblingsleckereien_Blog_Food_Kochen_Logo_trenner.png 1049w\" data-sizes=\"auto\" \/><\/section><section id=\"social_links-widget-2\" class=\"widget social_links\" style=\"border-style: solid;border-color:transparent;border-width:0px;\"><div class=\"heading\"><h4 class=\"widget-title\">Lass uns in Kontakt bleiben<\/h4><\/div>\n\t\t<div class=\"fusion-social-networks\">\n\n\t\t\t<div class=\"fusion-social-networks-wrapper\">\n\t\t\t\t\t\t\t\t\t\t\t\t\t\t\t\t\t\t\t\t\t\t\t\t\t\t\t\t\n\t\t\t\t\t\t\n\t\t\t\t\t\t\t\t\t\t\t\t\t\t\t\t\t\t\t\t\t\t\t\t\t\t\t\t\t\t\t\t\t\t\t<a class=\"fusion-social-network-icon fusion-tooltip fusion-facebook awb-icon-facebook\" href=\"https:\/\/www.facebook.com\/profile.php?id=100007999609205\"  data-placement=\"top\" data-title=\"Facebook\" data-toggle=\"tooltip\" data-original-title=\"\"  title=\"Facebook\" aria-label=\"Facebook\" rel=\"noopener noreferrer\" target=\"_self\" style=\"font-size:16px;color:#ddb5c8;\"><\/a>\n\t\t\t\t\t\t\t\t\t\t\t\n\t\t\t\t\t\t\t\t\t\t\n\t\t\t\t\t\t\t\t\t\t\t\t\t\t\t\t\t\t\t\t\n\t\t\t\t\t\t\n\t\t\t\t\t\t\t\t\t\t\t\t\t\t\t\t\t\t\t\t\t\t\t\t\t\t\t\t\t\t\t\t\t\t\t<a class=\"fusion-social-network-icon fusion-tooltip fusion-instagram awb-icon-instagram\" href=\"https:\/\/www.instagram.com\/lisaslieblings\/\"  data-placement=\"top\" data-title=\"Instagram\" data-toggle=\"tooltip\" data-original-title=\"\"  title=\"Instagram\" aria-label=\"Instagram\" rel=\"noopener noreferrer\" target=\"_self\" style=\"font-size:16px;color:#ddb5c8;\"><\/a>\n\t\t\t\t\t\t\t\t\t\t\t\n\t\t\t\t\t\t\t\t\t\t\n\t\t\t\t\t\t\t\t\t\t\t\t\t\t\t\t\t\t\t\t\n\t\t\t\t\t\t\n\t\t\t\t\t\t\t\t\t\t\t\t\t\t\t\t\t\t\t\t\t\t\t\t\t\t\t\t\t\t\t\t\t\t\t<a class=\"fusion-social-network-icon fusion-tooltip fusion-pinterest awb-icon-pinterest\" href=\"https:\/\/www.pinterest.de\/lisaslieblingsleckereien\/\"  data-placement=\"top\" data-title=\"Pinterest\" data-toggle=\"tooltip\" data-original-title=\"\"  title=\"Pinterest\" aria-label=\"Pinterest\" rel=\"noopener noreferrer\" target=\"_self\" style=\"font-size:16px;color:#ddb5c8;\"><\/a>\n\t\t\t\t\t\t\t\t\t\t\t\n\t\t\t\t\t\t\t\t\t\t\n\t\t\t\t\n\t\t\t<\/div>\n\t\t<\/div>\n\n\t\t<\/section><style type=\"text\/css\" data-id=\"media_image-3\">@media (max-width: 800px){#media_image-3{text-align:center !important;}}<\/style><section id=\"media_image-3\" class=\"fusion-widget-mobile-align-center fusion-widget-align-center widget widget_media_image\" style=\"text-align: center;\"><img decoding=\"async\" width=\"300\" height=\"32\" src=\"https:\/\/www.lieblings-lisa.de\/wp-content\/uploads\/2019\/09\/Lisas_Lieblingsleckereien_Blog_Food_Kochen_Logo_trenner-300x32.png\" class=\"image wp-image-744  attachment-medium size-medium lazyload\" alt=\"\" style=\"max-width: 100%; height: auto;\" srcset=\"data:image\/svg+xml,%3Csvg%20xmlns%3D%27http%3A%2F%2Fwww.w3.org%2F2000%2Fsvg%27%20width%3D%271049%27%20height%3D%27111%27%20viewBox%3D%270%200%201049%20111%27%3E%3Crect%20width%3D%271049%27%20height%3D%27111%27%20fill-opacity%3D%220%22%2F%3E%3C%2Fsvg%3E\" data-orig-src=\"https:\/\/www.lieblings-lisa.de\/wp-content\/uploads\/2019\/09\/Lisas_Lieblingsleckereien_Blog_Food_Kochen_Logo_trenner-300x32.png\" data-srcset=\"https:\/\/www.lieblings-lisa.de\/wp-content\/uploads\/2019\/09\/Lisas_Lieblingsleckereien_Blog_Food_Kochen_Logo_trenner-200x21.png 200w, https:\/\/www.lieblings-lisa.de\/wp-content\/uploads\/2019\/09\/Lisas_Lieblingsleckereien_Blog_Food_Kochen_Logo_trenner-300x32.png 300w, https:\/\/www.lieblings-lisa.de\/wp-content\/uploads\/2019\/09\/Lisas_Lieblingsleckereien_Blog_Food_Kochen_Logo_trenner-400x42.png 400w, https:\/\/www.lieblings-lisa.de\/wp-content\/uploads\/2019\/09\/Lisas_Lieblingsleckereien_Blog_Food_Kochen_Logo_trenner-600x63.png 600w, https:\/\/www.lieblings-lisa.de\/wp-content\/uploads\/2019\/09\/Lisas_Lieblingsleckereien_Blog_Food_Kochen_Logo_trenner-768x81.png 768w, https:\/\/www.lieblings-lisa.de\/wp-content\/uploads\/2019\/09\/Lisas_Lieblingsleckereien_Blog_Food_Kochen_Logo_trenner-800x85.png 800w, https:\/\/www.lieblings-lisa.de\/wp-content\/uploads\/2019\/09\/Lisas_Lieblingsleckereien_Blog_Food_Kochen_Logo_trenner-1024x108.png 1024w, https:\/\/www.lieblings-lisa.de\/wp-content\/uploads\/2019\/09\/Lisas_Lieblingsleckereien_Blog_Food_Kochen_Logo_trenner.png 1049w\" data-sizes=\"auto\" \/><\/section><section id=\"text-3\" class=\"widget widget_text\">\t\t\t<div class=\"textwidget\"><p>[instagram-feed]<\/p>\n<\/div>\n\t\t<\/section><div class=\"fusion-additional-widget-content\"><\/div><\/div><div class=\"fusion-clearfix\"><\/div><\/div><\/div><\/div><\/div><div class=\"fusion-fullwidth fullwidth-box fusion-builder-row-4 no-print nonhundred-percent-fullwidth non-hundred-percent-height-scrolling\" style=\"--awb-border-radius-top-left:0px;--awb-border-radius-top-right:0px;--awb-border-radius-bottom-right:0px;--awb-border-radius-bottom-left:0px;--awb-margin-top:30px;--awb-flex-wrap:wrap;\" ><div class=\"fusion-builder-row fusion-row\"><div class=\"fusion-layout-column fusion_builder_column fusion-builder-column-5 fusion_builder_column_1_1 1_1 fusion-one-full fusion-column-first fusion-column-last fusion-animated\" style=\"--awb-bg-size:cover;\" data-animationType=\"rubberBand\" data-animationDuration=\"0.5\" data-animationOffset=\"top-into-view\"><div class=\"fusion-column-wrapper fusion-column-has-shadow fusion-flex-column-wrapper-legacy\"><div class=\"fusion-image-element fusion-image-align-center in-legacy-container\" style=\"text-align:center;--awb-max-width:525px;--awb-caption-title-font-family:var(--h2_typography-font-family);--awb-caption-title-font-weight:var(--h2_typography-font-weight);--awb-caption-title-font-style:var(--h2_typography-font-style);--awb-caption-title-size:var(--h2_typography-font-size);--awb-caption-title-transform:var(--h2_typography-text-transform);--awb-caption-title-line-height:var(--h2_typography-line-height);--awb-caption-title-letter-spacing:var(--h2_typography-letter-spacing);\"><div class=\"imageframe-align-center\"><span class=\" fusion-imageframe imageframe-none imageframe-7 hover-type-none fusion-animated\" data-animationType=\"rubberBand\" data-animationDuration=\"1.0\" data-animationOffset=\"top-into-view\"><img decoding=\"async\" width=\"1024\" height=\"108\" title=\"Lisas_Lieblingsleckereien_Blog_Food_Kochen_Logo_trenner\" src=\"https:\/\/www.lieblings-lisa.de\/wp-content\/uploads\/2019\/09\/Lisas_Lieblingsleckereien_Blog_Food_Kochen_Logo_trenner.png\" data-orig-src=\"https:\/\/www.lieblings-lisa.de\/wp-content\/uploads\/2019\/09\/Lisas_Lieblingsleckereien_Blog_Food_Kochen_Logo_trenner-1024x108.png\" alt class=\"lazyload img-responsive wp-image-744\" srcset=\"data:image\/svg+xml,%3Csvg%20xmlns%3D%27http%3A%2F%2Fwww.w3.org%2F2000%2Fsvg%27%20width%3D%271049%27%20height%3D%27111%27%20viewBox%3D%270%200%201049%20111%27%3E%3Crect%20width%3D%271049%27%20height%3D%27111%27%20fill-opacity%3D%220%22%2F%3E%3C%2Fsvg%3E\" data-srcset=\"https:\/\/www.lieblings-lisa.de\/wp-content\/uploads\/2019\/09\/Lisas_Lieblingsleckereien_Blog_Food_Kochen_Logo_trenner-200x21.png 200w, https:\/\/www.lieblings-lisa.de\/wp-content\/uploads\/2019\/09\/Lisas_Lieblingsleckereien_Blog_Food_Kochen_Logo_trenner-400x42.png 400w, https:\/\/www.lieblings-lisa.de\/wp-content\/uploads\/2019\/09\/Lisas_Lieblingsleckereien_Blog_Food_Kochen_Logo_trenner-600x63.png 600w, https:\/\/www.lieblings-lisa.de\/wp-content\/uploads\/2019\/09\/Lisas_Lieblingsleckereien_Blog_Food_Kochen_Logo_trenner-800x85.png 800w, https:\/\/www.lieblings-lisa.de\/wp-content\/uploads\/2019\/09\/Lisas_Lieblingsleckereien_Blog_Food_Kochen_Logo_trenner.png 1049w\" data-sizes=\"auto\" data-orig-sizes=\"(max-width: 800px) 100vw, 1024px\" \/><\/span><\/div><\/div><div class=\"fusion-text fusion-text-8\"><h6 style=\"text-align: center;\"><span style=\"color: #dd85ba;\">Zutaten<\/span><\/h6>\n<\/div><div class=\"fusion-clearfix\"><\/div><\/div><\/div><\/div><\/div><div class=\"fusion-fullwidth fullwidth-box fusion-builder-row-5 nonhundred-percent-fullwidth non-hundred-percent-height-scrolling\" style=\"--awb-border-radius-top-left:0px;--awb-border-radius-top-right:0px;--awb-border-radius-bottom-right:0px;--awb-border-radius-bottom-left:0px;--awb-padding-top:5%;--awb-padding-right:5%;--awb-padding-bottom:5%;--awb-padding-left:5%;--awb-background-color:#f6f6f6;--awb-flex-wrap:wrap;\" ><div class=\"fusion-builder-row fusion-row\"><div class=\"fusion-layout-column fusion_builder_column fusion-builder-column-6 fusion_builder_column_1_2 1_2 fusion-one-half fusion-column-first fusion-animated\" style=\"--awb-bg-size:cover;--awb-margin-bottom:30px;width:50%;width:calc(50% - ( ( 4% ) * 0.5 ) );margin-right: 4%;\" data-animationType=\"slideInLeft\" data-animationDuration=\"0.3\" data-animationOffset=\"top-into-view\"><div class=\"fusion-column-wrapper fusion-column-has-shadow fusion-flex-column-wrapper-legacy\"><ul style=\"--awb-line-height:25.5px;--awb-icon-width:25.5px;--awb-icon-height:25.5px;--awb-icon-margin:10.5px;--awb-content-margin:36px;\" class=\"fusion-checklist fusion-checklist-1 fusion-checklist-default type-icons\"><li class=\"fusion-li-item\" style=\"\"><span class=\"icon-wrapper circle-no\"><i class=\"fusion-li-icon fa-user far\" aria-hidden=\"true\"><\/i><\/span><div class=\"fusion-li-item-content\">\n<p>f\u00fcr 2 Personen<\/p>\n<\/div><\/li><li class=\"fusion-li-item\" style=\"\"><span class=\"icon-wrapper circle-no\"><i class=\"fusion-li-icon fa-clock far\" aria-hidden=\"true\"><\/i><\/span><div class=\"fusion-li-item-content\">\n<p>15 min Zubereitungszeit<\/p>\n<\/div><\/li><\/ul><div class=\"fusion-clearfix\"><\/div><\/div><\/div><div class=\"fusion-layout-column fusion_builder_column fusion-builder-column-7 fusion_builder_column_1_2 1_2 fusion-one-half fusion-column-last no-print fusion-animated\" style=\"--awb-bg-size:cover;--awb-margin-bottom:30px;width:50%;width:calc(50% - ( ( 4% ) * 0.5 ) );\" data-animationType=\"slideInRight\" data-animationDuration=\"0.4\" data-animationOffset=\"top-into-view\"><div class=\"fusion-column-wrapper fusion-column-has-shadow fusion-flex-column-wrapper-legacy\"><div class=\"fusion-text fusion-text-9\"><p style=\"text-align: right;\">[bws_pdfprint display=&#8217;print&#8216;]<\/p>\n<\/div><div class=\"fusion-clearfix\"><\/div><\/div><\/div><div class=\"fusion-layout-column fusion_builder_column fusion-builder-column-8 fusion_builder_column_1_3 1_3 fusion-one-third fusion-column-first fusion-animated\" style=\"--awb-padding-top:30px;--awb-padding-right:30px;--awb-padding-bottom:30px;--awb-padding-left:30px;--awb-bg-color:#ffffff;--awb-bg-color-hover:#ffffff;--awb-bg-repeat:repeat-y;--awb-box-shadow:2px 2px 5px 0px rgba(0,0,0,0.25);;width:33.333333333333%;width:calc(33.333333333333% - ( ( 4% ) * 0.33333333333333 ) );margin-right: 4%;\" data-animationType=\"slideInLeft\" data-animationDuration=\"0.3\" data-animationOffset=\"top-into-view\"><div class=\"fusion-column-wrapper fusion-column-has-shadow fusion-flex-column-wrapper-legacy\"><div class=\"fusion-title title fusion-title-1 fusion-sep-none fusion-title-text fusion-title-size-one\" style=\"--awb-text-color:#333333;--awb-font-size:30px;\"><h1 class=\"fusion-title-heading title-heading-left fusion-responsive-typography-calculated\" style=\"margin:0;font-size:1em;--fontSize:30;line-height:1;\">Zutatenliste<\/p><\/h1><\/div><div class=\"fusion-text fusion-text-10\"><p>100g Feldsalat<br \/>\n150 g Linsen (schnellste Variante: Linsen aus der Dose)<br \/>\n100g Feta<br \/>\n2 \u00c4pfel<\/p>\n<p><strong>Zutaten f\u00fcr das Dressing:<\/strong><br \/>\n1 Orange<br \/>\n2 EL Oliven\u00f6l<br \/>\n1 EL heller Balsamico<br \/>\n1 TL Senf<br \/>\nSalz &amp; Pfeffer<\/p>\n<\/div><div class=\"fusion-clearfix\"><\/div><\/div><\/div><div class=\"fusion-layout-column fusion_builder_column fusion-builder-column-9 fusion_builder_column_2_3 2_3 fusion-two-third fusion-column-last fusion-animated\" style=\"--awb-bg-position:right top;--awb-bg-repeat:repeat-y;--awb-margin-top:30px;width:66.666666666667%;width:calc(66.666666666667% - ( ( 4% ) * 0.66666666666667 ) );\" data-animationType=\"slideInRight\" data-animationDuration=\"0.3\" data-animationOffset=\"top-into-view\"><div class=\"fusion-column-wrapper fusion-column-has-shadow fusion-flex-column-wrapper-legacy\"><div class=\"fusion-title title fusion-title-2 fusion-sep-none fusion-title-text fusion-title-size-one\" style=\"--awb-text-color:#333333;--awb-font-size:30px;\"><h1 class=\"fusion-title-heading title-heading-left fusion-responsive-typography-calculated\" style=\"margin:0;font-size:1em;--fontSize:30;line-height:1;\">Zubereitung<\/h1><\/div><div class=\"fusion-text fusion-text-11\"><ol>\n<li>F\u00fcr das Dressing die Orange auspressen und den Saft mit Oliven\u00f6l, Balsamico und dem Senf vermischen. Zum Schluss mit Salz &amp; Pfeffer abschmecken.<\/li>\n<li>Den Feldsalat waschen und abtropfen lassen. Den Apfel, sowie den Feta in kleine St\u00fccke schneiden. Die Linsen aus der Dose nehmen und abtropfen lassen.<\/li>\n<li>Feldsalat, Linsen, Apfelw\u00fcrfel und Fetaw\u00fcrfel mit dem Dressing vermengen, auf einem Teller anrichten und Genie\u00dfen!<\/li>\n<\/ol>\n<\/div><div class=\"fusion-clearfix\"><\/div><\/div><\/div><div class=\"fusion-layout-column fusion_builder_column fusion-builder-column-10 fusion_builder_column_1_1 1_1 fusion-one-full fusion-column-first fusion-column-last fusion-animated\" style=\"--awb-padding-top:30px;--awb-bg-size:cover;\" data-animationType=\"slideInLeft\" data-animationDuration=\"0.3\" data-animationOffset=\"top-into-view\"><div class=\"fusion-column-wrapper fusion-column-has-shadow fusion-flex-column-wrapper-legacy\"><div class=\"fusion-text fusion-text-12\"><p>Bewerte Dein Essen<\/p>\n<p>[caldera_form id=&#8220;CF5e0d208ee9539&#8243;]<\/p>\n<\/div><div class=\"fusion-clearfix\"><\/div><\/div><\/div><\/div><\/div><div class=\"fusion-fullwidth fullwidth-box fusion-builder-row-6 no-print nonhundred-percent-fullwidth non-hundred-percent-height-scrolling\" style=\"--awb-border-radius-top-left:0px;--awb-border-radius-top-right:0px;--awb-border-radius-bottom-right:0px;--awb-border-radius-bottom-left:0px;--awb-margin-top:30px;--awb-margin-bottom:30px;--awb-flex-wrap:wrap;\" ><div class=\"fusion-builder-row fusion-row\"><div class=\"fusion-layout-column fusion_builder_column fusion-builder-column-11 fusion_builder_column_1_1 1_1 fusion-one-full fusion-column-first fusion-column-last fusion-animated\" style=\"--awb-bg-size:cover;\" data-animationType=\"slideInUp\" data-animationDuration=\"0.3\" data-animationOffset=\"top-into-view\"><div class=\"fusion-column-wrapper fusion-column-has-shadow fusion-flex-column-wrapper-legacy\"><div class=\"fusion-aligncenter\"><a class=\"fusion-button button-flat fusion-button-default-size button-default fusion-button-default button-2 fusion-button-default-span fusion-button-default-type\" target=\"_self\" href=\"\/rezepte\"><span class=\"fusion-button-text awb-button__text awb-button__text--default\">Mehr Rezepte<\/span><\/a><\/div><div class=\"fusion-clearfix\"><\/div><\/div><\/div><\/div><\/div><div class=\"fusion-fullwidth fullwidth-box fusion-builder-row-7 no-print nonhundred-percent-fullwidth non-hundred-percent-height-scrolling\" style=\"--awb-border-radius-top-left:0px;--awb-border-radius-top-right:0px;--awb-border-radius-bottom-right:0px;--awb-border-radius-bottom-left:0px;--awb-padding-top:30px;--awb-flex-wrap:wrap;\" ><div class=\"fusion-builder-row fusion-row\"><div class=\"fusion-layout-column fusion_builder_column fusion-builder-column-12 fusion_builder_column_1_1 1_1 fusion-one-full fusion-column-first fusion-column-last fusion-animated\" style=\"--awb-bg-size:cover;\" data-animationType=\"slideInLeft\" data-animationDuration=\"0.3\" data-animationOffset=\"top-into-view\"><div class=\"fusion-column-wrapper fusion-column-has-shadow fusion-flex-column-wrapper-legacy\"><div class=\"fusion-text fusion-text-13\"><p><img decoding=\"async\" class=\"lazyload rundes-bild alignleft wp-image-781 size-thumbnail\" src=\"https:\/\/www.lieblings-lisa.de\/wp-content\/uploads\/2019\/09\/Lisas_Lieblingsleckereien_Blog_Food_Kochen_Lisa-Portrait-150x150.jpg\" data-orig-src=\"https:\/\/www.lieblings-lisa.de\/wp-content\/uploads\/2019\/09\/Lisas_Lieblingsleckereien_Blog_Food_Kochen_Lisa-Portrait-150x150.jpg\" alt=\"\" width=\"150\" height=\"150\" srcset=\"data:image\/svg+xml,%3Csvg%20xmlns%3D%27http%3A%2F%2Fwww.w3.org%2F2000%2Fsvg%27%20width%3D%27150%27%20height%3D%27150%27%20viewBox%3D%270%200%20150%20150%27%3E%3Crect%20width%3D%27150%27%20height%3D%27150%27%20fill-opacity%3D%220%22%2F%3E%3C%2Fsvg%3E\" data-srcset=\"https:\/\/www.lieblings-lisa.de\/wp-content\/uploads\/2019\/09\/Lisas_Lieblingsleckereien_Blog_Food_Kochen_Lisa-Portrait-66x66.jpg 66w, https:\/\/www.lieblings-lisa.de\/wp-content\/uploads\/2019\/09\/Lisas_Lieblingsleckereien_Blog_Food_Kochen_Lisa-Portrait-150x150.jpg 150w, https:\/\/www.lieblings-lisa.de\/wp-content\/uploads\/2019\/09\/Lisas_Lieblingsleckereien_Blog_Food_Kochen_Lisa-Portrait-200x200.jpg 200w, https:\/\/www.lieblings-lisa.de\/wp-content\/uploads\/2019\/09\/Lisas_Lieblingsleckereien_Blog_Food_Kochen_Lisa-Portrait-300x300.jpg 300w, https:\/\/www.lieblings-lisa.de\/wp-content\/uploads\/2019\/09\/Lisas_Lieblingsleckereien_Blog_Food_Kochen_Lisa-Portrait-400x400.jpg 400w, https:\/\/www.lieblings-lisa.de\/wp-content\/uploads\/2019\/09\/Lisas_Lieblingsleckereien_Blog_Food_Kochen_Lisa-Portrait-500x500.jpg 500w, https:\/\/www.lieblings-lisa.de\/wp-content\/uploads\/2019\/09\/Lisas_Lieblingsleckereien_Blog_Food_Kochen_Lisa-Portrait-600x600.jpg 600w, https:\/\/www.lieblings-lisa.de\/wp-content\/uploads\/2019\/09\/Lisas_Lieblingsleckereien_Blog_Food_Kochen_Lisa-Portrait-768x768.jpg 768w, https:\/\/www.lieblings-lisa.de\/wp-content\/uploads\/2019\/09\/Lisas_Lieblingsleckereien_Blog_Food_Kochen_Lisa-Portrait-800x800.jpg 800w, https:\/\/www.lieblings-lisa.de\/wp-content\/uploads\/2019\/09\/Lisas_Lieblingsleckereien_Blog_Food_Kochen_Lisa-Portrait.jpg 892w\" data-sizes=\"auto\" data-orig-sizes=\"(max-width: 150px) 100vw, 150px\" \/>Ich bin Lisa, ein leidenschaftlicher &#8222;Foodie&#8220;. Egal ob kochen oder backen, ich liebe es, neue Rezepte auszuprobieren und zu fotografieren. Meine Lieblingsrezepte entdecke ich dabei in B\u00fcchern, in Zeitschriften, im Internet oder auf Reisen.<\/p>\n<\/div><div class=\"fusion-clearfix\"><\/div><\/div><\/div><\/div><\/div><div class=\"fusion-fullwidth fullwidth-box fusion-builder-row-8 no-print nonhundred-percent-fullwidth non-hundred-percent-height-scrolling\" style=\"--awb-border-radius-top-left:0px;--awb-border-radius-top-right:0px;--awb-border-radius-bottom-right:0px;--awb-border-radius-bottom-left:0px;--awb-margin-top:30px;--awb-flex-wrap:wrap;\" ><div class=\"fusion-builder-row fusion-row\"><div class=\"fusion-layout-column fusion_builder_column fusion-builder-column-13 fusion_builder_column_1_1 1_1 fusion-one-full fusion-column-first fusion-column-last fusion-animated\" style=\"--awb-bg-size:cover;\" data-animationType=\"rubberBand\" data-animationDuration=\"0.5\" data-animationOffset=\"top-into-view\"><div class=\"fusion-column-wrapper fusion-column-has-shadow fusion-flex-column-wrapper-legacy\"><div class=\"fusion-image-element fusion-image-align-center in-legacy-container\" style=\"text-align:center;--awb-max-width:525px;--awb-caption-title-font-family:var(--h2_typography-font-family);--awb-caption-title-font-weight:var(--h2_typography-font-weight);--awb-caption-title-font-style:var(--h2_typography-font-style);--awb-caption-title-size:var(--h2_typography-font-size);--awb-caption-title-transform:var(--h2_typography-text-transform);--awb-caption-title-line-height:var(--h2_typography-line-height);--awb-caption-title-letter-spacing:var(--h2_typography-letter-spacing);\"><div class=\"imageframe-align-center\"><span class=\" fusion-imageframe imageframe-none imageframe-8 hover-type-none fusion-animated\" data-animationType=\"rubberBand\" data-animationDuration=\"1.0\" data-animationOffset=\"top-into-view\"><img decoding=\"async\" width=\"1024\" height=\"108\" title=\"Lisas_Lieblingsleckereien_Blog_Food_Kochen_Logo_trenner\" src=\"https:\/\/www.lieblings-lisa.de\/wp-content\/uploads\/2019\/09\/Lisas_Lieblingsleckereien_Blog_Food_Kochen_Logo_trenner.png\" data-orig-src=\"https:\/\/www.lieblings-lisa.de\/wp-content\/uploads\/2019\/09\/Lisas_Lieblingsleckereien_Blog_Food_Kochen_Logo_trenner-1024x108.png\" alt class=\"lazyload img-responsive wp-image-744\" srcset=\"data:image\/svg+xml,%3Csvg%20xmlns%3D%27http%3A%2F%2Fwww.w3.org%2F2000%2Fsvg%27%20width%3D%271049%27%20height%3D%27111%27%20viewBox%3D%270%200%201049%20111%27%3E%3Crect%20width%3D%271049%27%20height%3D%27111%27%20fill-opacity%3D%220%22%2F%3E%3C%2Fsvg%3E\" data-srcset=\"https:\/\/www.lieblings-lisa.de\/wp-content\/uploads\/2019\/09\/Lisas_Lieblingsleckereien_Blog_Food_Kochen_Logo_trenner-200x21.png 200w, https:\/\/www.lieblings-lisa.de\/wp-content\/uploads\/2019\/09\/Lisas_Lieblingsleckereien_Blog_Food_Kochen_Logo_trenner-400x42.png 400w, https:\/\/www.lieblings-lisa.de\/wp-content\/uploads\/2019\/09\/Lisas_Lieblingsleckereien_Blog_Food_Kochen_Logo_trenner-600x63.png 600w, https:\/\/www.lieblings-lisa.de\/wp-content\/uploads\/2019\/09\/Lisas_Lieblingsleckereien_Blog_Food_Kochen_Logo_trenner-800x85.png 800w, https:\/\/www.lieblings-lisa.de\/wp-content\/uploads\/2019\/09\/Lisas_Lieblingsleckereien_Blog_Food_Kochen_Logo_trenner.png 1049w\" data-sizes=\"auto\" data-orig-sizes=\"(max-width: 800px) 100vw, 1024px\" \/><\/span><\/div><\/div><div class=\"fusion-text fusion-text-14\"><h6 style=\"text-align: center;\"><span style=\"color: #dd85ba;\">Weitere interessante Rezepte<br \/>\n<\/span><\/h6>\n<\/div><div class=\"fusion-clearfix\"><\/div><\/div><\/div><\/div><\/div><div class=\"fusion-fullwidth fullwidth-box fusion-builder-row-9 no-print nonhundred-percent-fullwidth non-hundred-percent-height-scrolling\" style=\"--awb-border-radius-top-left:0px;--awb-border-radius-top-right:0px;--awb-border-radius-bottom-right:0px;--awb-border-radius-bottom-left:0px;--awb-flex-wrap:wrap;\" ><div class=\"fusion-builder-row fusion-row\"><div class=\"fusion-layout-column fusion_builder_column fusion-builder-column-14 fusion_builder_column_1_1 1_1 fusion-one-full fusion-column-first fusion-column-last fusion-animated\" style=\"--awb-bg-size:cover;\" data-animationType=\"slideInUp\" data-animationDuration=\"0.3\" data-animationOffset=\"top-into-view\"><div class=\"fusion-column-wrapper fusion-column-has-shadow fusion-flex-column-wrapper-legacy\"><div class=\"fusion-blog-shortcode fusion-blog-shortcode-1 fusion-blog-archive fusion-blog-layout-grid-wrapper fusion-blog-no fusion-blog-layout-left\"><style type=\"text\/css\">.fusion-blog-shortcode-1 .fusion-blog-layout-grid .fusion-post-grid{padding:13.5px;}.fusion-blog-shortcode-1 .fusion-posts-container{margin-left: -13.5px !important; margin-right:-13.5px !important;}<\/style><div class=\"fusion-posts-container fusion-posts-container-no fusion-no-meta-info fusion-blog-rollover fusion-blog-layout-grid fusion-blog-layout-grid-2 isotope fusion-blog-equal-heights\" data-pages=\"45\" data-grid-col-space=\"27\" style=\"margin: -13.5px -13.5px 0;min-height:500px;\"><article id=\"blog-1-post-2450\" class=\"fusion-post-grid post-2450 post type-post status-publish format-standard has-post-thumbnail hentry category-salate-suppen tag-avocado tag-granatapfel tag-gruenkohl tag-salat tag-winterrezept\">\n<div class=\"fusion-post-wrapper\" style=\"background-color:rgba(242,242,242,1);border:none;\">\n\n\t\t\t<div class=\"fusion-flexslider flexslider fusion-flexslider-loading fusion-post-slideshow\" style=\"border-color:rgba(235,234,234,0);\">\n\t\t<ul class=\"slides\">\n\t\t\t\n\t\t\t\t\t\t\t\t\t\t\t\t\t\t<li><div  class=\"fusion-image-wrapper\" aria-haspopup=\"true\">\n\t\t\t\t<img decoding=\"async\" width=\"1644\" height=\"1235\" src=\"https:\/\/www.lieblings-lisa.de\/wp-content\/uploads\/2021\/02\/Dn-scaled-e1612551585875.jpg\" class=\"attachment-full size-full lazyload wp-post-image\" alt=\"\" srcset=\"data:image\/svg+xml,%3Csvg%20xmlns%3D%27http%3A%2F%2Fwww.w3.org%2F2000%2Fsvg%27%20width%3D%271644%27%20height%3D%271235%27%20viewBox%3D%270%200%201644%201235%27%3E%3Crect%20width%3D%271644%27%20height%3D%271235%27%20fill-opacity%3D%220%22%2F%3E%3C%2Fsvg%3E\" data-orig-src=\"https:\/\/www.lieblings-lisa.de\/wp-content\/uploads\/2021\/02\/Dn-scaled-e1612551585875.jpg\" data-srcset=\"https:\/\/www.lieblings-lisa.de\/wp-content\/uploads\/2021\/02\/Dn-scaled-e1612551585875-200x150.jpg 200w, https:\/\/www.lieblings-lisa.de\/wp-content\/uploads\/2021\/02\/Dn-scaled-e1612551585875-400x300.jpg 400w, https:\/\/www.lieblings-lisa.de\/wp-content\/uploads\/2021\/02\/Dn-scaled-e1612551585875-600x451.jpg 600w, https:\/\/www.lieblings-lisa.de\/wp-content\/uploads\/2021\/02\/Dn-scaled-e1612551585875-800x601.jpg 800w, https:\/\/www.lieblings-lisa.de\/wp-content\/uploads\/2021\/02\/Dn-scaled-e1612551585875-1200x901.jpg 1200w, https:\/\/www.lieblings-lisa.de\/wp-content\/uploads\/2021\/02\/Dn-scaled-e1612551585875.jpg 1644w\" data-sizes=\"auto\" \/><div class=\"fusion-rollover\">\n\t<div class=\"fusion-rollover-content\">\n\n\t\t\t\t\t\t\t\t\t\t\n\t\t\t\t\t\t\t\t\t\t\t\t\t\t\n\t\t\t\t\t\t\t\t\n\t\t\t\t\t\t\t\t\n\t\t\t\t\t\t\t\t\t\t\t\t\t\t\t\t\t\t<a class=\"fusion-rollover-gallery\" href=\"https:\/\/www.lieblings-lisa.de\/wp-content\/uploads\/2021\/02\/Dn-scaled-e1612551585875.jpg\" data-options=\"\" data-id=\"2450\" data-rel=\"iLightbox[gallery]\" data-title=\"Gr\u00fcnkohlsalat mit gebratenen S\u00fc\u00dfkartoffeln und Ahorn-Tahini-Dressing\" data-caption=\"\">\n\t\t\t\t\t\tGallerie\t\t\t\t\t<\/a>\n\t\t\t\t\t\t\t\t\t\t\t\t\t\t\n\t\t\n\t\t\t\t\t\t\t\t\t\t\t\t<h4 class=\"fusion-rollover-title\">\n\t\t\t\t\t<a class=\"fusion-rollover-title-link\" href=\"https:\/\/www.lieblings-lisa.de\/?p=2450\">\n\t\t\t\t\t\tGr\u00fcnkohlsalat mit gebratenen S\u00fc\u00dfkartoffeln und Ahorn-Tahini-Dressing\t\t\t\t\t<\/a>\n\t\t\t\t<\/h4>\n\t\t\t\n\t\t\t\t\t\t\t\t\t\t<div class=\"fusion-rollover-categories\"><a href=\"https:\/\/www.lieblings-lisa.de\/?cat=38\" rel=\"tag\">Salate &amp; Suppen<\/a><\/div>\t\t\t\t\t\n\t\t\n\t\t\t\t\t\t<a class=\"fusion-link-wrapper\" href=\"https:\/\/www.lieblings-lisa.de\/?p=2450\" aria-label=\"Gr\u00fcnkohlsalat mit gebratenen S\u00fc\u00dfkartoffeln und Ahorn-Tahini-Dressing\"><\/a>\n\t<\/div>\n<\/div>\n<\/div>\n<\/li>\n\t\t\t\n\t\t\t\n\t\t\t\t\t\t\t\t\t\t\t\t\t\t\t\t\t\t\t\t\t\t\t\t\t\t\t\t\t\t\t\t\t\t\t\t\t\t\t\t\t\t\t\t\t\t\t\t\t\t\t\t\t\t\t\t\t\t\t\t\t\t\t\t\t\t\t\t<\/ul>\n\t<\/div>\n\t<div class=\"fusion-post-content-wrapper\" style=\"padding:30px 25px 20px 25px; display:none;\"><div class=\"fusion-post-content post-content\"><\/div><\/div><div class=\"fusion-clearfix\"><\/div><\/div>\n<\/article>\n<article id=\"blog-1-post-3237\" class=\"fusion-post-grid post-3237 post type-post status-publish format-standard has-post-thumbnail hentry category-trinkbares tag-herbstzeit tag-ingwer tag-pflaume tag-shot\">\n<div class=\"fusion-post-wrapper\" style=\"background-color:rgba(242,242,242,1);border:none;\">\n\n\t\t\t<div class=\"fusion-flexslider flexslider fusion-flexslider-loading fusion-post-slideshow\" style=\"border-color:rgba(235,234,234,0);\">\n\t\t<ul class=\"slides\">\n\t\t\t\n\t\t\t\t\t\t\t\t\t\t\t\t\t\t<li><div  class=\"fusion-image-wrapper\" aria-haspopup=\"true\">\n\t\t\t\t<img decoding=\"async\" width=\"2000\" height=\"1500\" src=\"data:image\/svg+xml,%3Csvg%20xmlns%3D%27http%3A%2F%2Fwww.w3.org%2F2000%2Fsvg%27%20width%3D%272000%27%20height%3D%271500%27%20viewBox%3D%270%200%202000%201500%27%3E%3Crect%20width%3D%272000%27%20height%3D%271500%27%20fill-opacity%3D%220%22%2F%3E%3C%2Fsvg%3E\" class=\"attachment-full size-full lazyload wp-post-image\" alt=\"\" data-orig-src=\"https:\/\/www.lieblings-lisa.de\/wp-content\/uploads\/2022\/10\/Pflaumen-Ingwer-Shot-TB.jpg\" \/><div class=\"fusion-rollover\">\n\t<div class=\"fusion-rollover-content\">\n\n\t\t\t\t\t\t\t\t\t\t\n\t\t\t\t\t\t\t\t\t\t\t\t\t\t\n\t\t\t\t\t\t\t\t\n\t\t\t\t\t\t\t\t\n\t\t\t\t\t\t\t\t\t\t\t\t\t\t\t\t\t\t<a class=\"fusion-rollover-gallery\" href=\"https:\/\/www.lieblings-lisa.de\/wp-content\/uploads\/2022\/10\/Pflaumen-Ingwer-Shot-TB.jpg\" data-options=\"\" data-id=\"3237\" data-rel=\"iLightbox[gallery]\" data-title=\"Pflaumen-Ingwer-Shot\" data-caption=\"\">\n\t\t\t\t\t\tGallerie\t\t\t\t\t<\/a>\n\t\t\t\t\t\t\t\t\t\t\t\t\t\t\n\t\t\n\t\t\t\t\t\t\t\t\t\t\t\t<h4 class=\"fusion-rollover-title\">\n\t\t\t\t\t<a class=\"fusion-rollover-title-link\" href=\"https:\/\/www.lieblings-lisa.de\/?p=3237\">\n\t\t\t\t\t\tPflaumen-Ingwer Shot\t\t\t\t\t<\/a>\n\t\t\t\t<\/h4>\n\t\t\t\n\t\t\t\t\t\t\t\t\t\t<div class=\"fusion-rollover-categories\"><a href=\"https:\/\/www.lieblings-lisa.de\/?cat=73\" rel=\"tag\">Trinkbares<\/a><\/div>\t\t\t\t\t\n\t\t\n\t\t\t\t\t\t<a class=\"fusion-link-wrapper\" href=\"https:\/\/www.lieblings-lisa.de\/?p=3237\" aria-label=\"Pflaumen-Ingwer Shot\"><\/a>\n\t<\/div>\n<\/div>\n<\/div>\n<\/li>\n\t\t\t\n\t\t\t\n\t\t\t\t\t\t\t\t\t\t\t\t\t\t\t\t\t\t\t\t\t\t\t\t\t\t\t\t\t\t\t\t\t\t\t\t\t\t\t\t\t\t\t\t\t\t\t\t\t\t\t\t\t\t\t\t\t\t\t\t\t\t\t\t\t\t\t\t<\/ul>\n\t<\/div>\n\t<div class=\"fusion-post-content-wrapper\" style=\"padding:30px 25px 20px 25px; display:none;\"><div class=\"fusion-post-content post-content\"><\/div><\/div><div class=\"fusion-clearfix\"><\/div><\/div>\n<\/article>\n<div class=\"fusion-clearfix\"><\/div><\/div><\/div><div class=\"fusion-clearfix\"><\/div><\/div><\/div><\/div><\/div><div class=\"fusion-fullwidth fullwidth-box fusion-builder-row-10 no-print nonhundred-percent-fullwidth non-hundred-percent-height-scrolling\" style=\"--awb-border-radius-top-left:0px;--awb-border-radius-top-right:0px;--awb-border-radius-bottom-right:0px;--awb-border-radius-bottom-left:0px;--awb-flex-wrap:wrap;\" ><div class=\"fusion-builder-row fusion-row\"><div class=\"fusion-layout-column fusion_builder_column fusion-builder-column-15 fusion_builder_column_1_1 1_1 fusion-one-full fusion-column-first fusion-column-last fusion-animated\" style=\"--awb-bg-size:cover;\" data-animationType=\"slideInLeft\" data-animationDuration=\"0.3\" data-animationOffset=\"top-into-view\"><div class=\"fusion-column-wrapper fusion-column-has-shadow fusion-flex-column-wrapper-legacy\"><div class=\"fusion-sharing-box fusion-sharing-box-1 has-taglines layout-floated layout-medium-floated layout-small-floated\" style=\"background-color:#f6f6f6;--awb-layout:row;--awb-alignment-small:space-between;\" data-title=\"Pflaumen-Ingwer Shot\" data-description=\"Zubereitung   \r\n\r\nIngwer Shots sind voll mit Vitaminen und haben lauter positive Wirkungen auf unseren K\u00f6rper.\u00a0Deswegen sollten sie vor allem in der k\u00e4lteren Jahreszeit ein Bestandteil unserer Ern\u00e4hrung sein. In dieser herbstlichen Variante verwende ich Pflaumensaft und Zimt. \r\nDie Zutaten\r\nPflaumensaft\r\nPflaumen und damit auch Pflaumensaft\" data-link=\"https:\/\/www.lieblings-lisa.de\/?p=3237\"><h4 class=\"tagline\" style=\"color:#333333;\">Teile Dein Essen :<\/h4><div class=\"fusion-social-networks sharingbox-shortcode-icon-wrapper sharingbox-shortcode-icon-wrapper-1\"><span><a href=\"https:\/\/www.facebook.com\/sharer.php?u=https%3A%2F%2Fwww.lieblings-lisa.de%2F%3Fp%3D3237&amp;t=Pflaumen-Ingwer%20Shot\" target=\"_blank\" rel=\"noreferrer\" title=\"Facebook\" aria-label=\"Facebook\" data-placement=\"top\" data-toggle=\"tooltip\" data-title=\"Facebook\"><i class=\"fusion-social-network-icon fusion-tooltip fusion-facebook awb-icon-facebook\" style=\"color:#bebdbd;\" aria-hidden=\"true\"><\/i><\/a><\/span><span><a href=\"https:\/\/x.com\/intent\/post?text=Pflaumen-Ingwer%20Shot&amp;url=https%3A%2F%2Fwww.lieblings-lisa.de%2F%3Fp%3D3237\" target=\"_blank\" rel=\"noopener noreferrer\" title=\"X\" aria-label=\"X\" data-placement=\"top\" data-toggle=\"tooltip\" data-title=\"X\"><i class=\"fusion-social-network-icon fusion-tooltip fusion-twitter awb-icon-twitter\" style=\"color:#bebdbd;\" aria-hidden=\"true\"><\/i><\/a><\/span><span><a href=\"https:\/\/reddit.com\/submit?url=https%3A%2F%2Fwww.lieblings-lisa.de%2F%3Fp%3D3237&amp;title=Pflaumen-Ingwer%20Shot\" target=\"_blank\" rel=\"noopener noreferrer\" title=\"Reddit\" aria-label=\"Reddit\" data-placement=\"top\" data-toggle=\"tooltip\" data-title=\"Reddit\"><i class=\"fusion-social-network-icon fusion-tooltip fusion-reddit awb-icon-reddit\" style=\"color:#bebdbd;\" aria-hidden=\"true\"><\/i><\/a><\/span><span><a href=\"https:\/\/www.linkedin.com\/shareArticle?mini=true&amp;url=https%3A%2F%2Fwww.lieblings-lisa.de%2F%3Fp%3D3237&amp;title=Pflaumen-Ingwer%20Shot&amp;summary=Zubereitung%20%20%20%20%20%0D%0A%0D%0AIngwer%20Shots%20sind%20voll%20mit%20Vitaminen%20und%20haben%20lauter%20positive%20Wirkungen%20auf%20unseren%20K%C3%B6rper.%C2%A0Deswegen%20sollten%20sie%20vor%20allem%20in%20der%20k%C3%A4lteren%20Jahreszeit%20ein%20Bestandteil%20unserer%20Ern%C3%A4hrung%20sein.%20In%20dieser%20herbstlichen%20Variante%20verwende%20ich%20Pflaumensaft%20und%20Zimt.%20%0D%0ADie%20Zutaten%0D%0APflaumensaft%0D%0APflaumen%20und%20damit%20auch%20Pflaumensaft\" target=\"_blank\" rel=\"noopener noreferrer\" title=\"LinkedIn\" aria-label=\"LinkedIn\" data-placement=\"top\" data-toggle=\"tooltip\" data-title=\"LinkedIn\"><i class=\"fusion-social-network-icon fusion-tooltip fusion-linkedin awb-icon-linkedin\" style=\"color:#bebdbd;\" aria-hidden=\"true\"><\/i><\/a><\/span><span><a href=\"https:\/\/api.whatsapp.com\/send?text=https%3A%2F%2Fwww.lieblings-lisa.de%2F%3Fp%3D3237\" target=\"_blank\" rel=\"noopener noreferrer\" title=\"WhatsApp\" aria-label=\"WhatsApp\" data-placement=\"top\" data-toggle=\"tooltip\" data-title=\"WhatsApp\"><i class=\"fusion-social-network-icon fusion-tooltip fusion-whatsapp awb-icon-whatsapp\" style=\"color:#bebdbd;\" aria-hidden=\"true\"><\/i><\/a><\/span><span><a href=\"https:\/\/www.tumblr.com\/share\/link?url=https%3A%2F%2Fwww.lieblings-lisa.de%2F%3Fp%3D3237&amp;name=Pflaumen-Ingwer%20Shot&amp;description=Zubereitung%20%20%20%20%20%0D%0A%0D%0AIngwer%20Shots%20sind%20voll%20mit%20Vitaminen%20und%20haben%20lauter%20positive%20Wirkungen%20auf%20unseren%20K%C3%B6rper.%C2%A0Deswegen%20sollten%20sie%20vor%20allem%20in%20der%20k%C3%A4lteren%20Jahreszeit%20ein%20Bestandteil%20unserer%20Ern%C3%A4hrung%20sein.%20In%20dieser%20herbstlichen%20Variante%20verwende%20ich%20Pflaumensaft%20und%20Zimt.%20%0D%0ADie%20Zutaten%0D%0APflaumensaft%0D%0APflaumen%20und%20damit%20auch%20Pflaumensaft\" target=\"_blank\" rel=\"noopener noreferrer\" title=\"Tumblr\" aria-label=\"Tumblr\" data-placement=\"top\" data-toggle=\"tooltip\" data-title=\"Tumblr\"><i class=\"fusion-social-network-icon fusion-tooltip fusion-tumblr awb-icon-tumblr\" style=\"color:#bebdbd;\" aria-hidden=\"true\"><\/i><\/a><\/span><span><a href=\"https:\/\/pinterest.com\/pin\/create\/button\/?url=https%3A%2F%2Fwww.lieblings-lisa.de%2F%3Fp%3D3237&amp;description=Zubereitung%20%20%20%20%20%0D%0A%0D%0AIngwer%20Shots%20sind%20voll%20mit%20Vitaminen%20und%20haben%20lauter%20positive%20Wirkungen%20auf%20unseren%20K%C3%B6rper.%C2%A0Deswegen%20sollten%20sie%20vor%20allem%20in%20der%20k%C3%A4lteren%20Jahreszeit%20ein%20Bestandteil%20unserer%20Ern%C3%A4hrung%20sein.%20In%20dieser%20herbstlichen%20Variante%20verwende%20ich%20Pflaumensaft%20und%20Zimt.%20%0D%0ADie%20Zutaten%0D%0APflaumensaft%0D%0APflaumen%20und%20damit%20auch%20Pflaumensaft&amp;media=\" target=\"_blank\" rel=\"noopener noreferrer\" title=\"Pinterest\" aria-label=\"Pinterest\" data-placement=\"top\" data-toggle=\"tooltip\" data-title=\"Pinterest\"><i class=\"fusion-social-network-icon fusion-tooltip fusion-pinterest awb-icon-pinterest\" style=\"color:#bebdbd;\" aria-hidden=\"true\"><\/i><\/a><\/span><span><a href=\"https:\/\/vkontakte.ru\/share.php?url=https%3A%2F%2Fwww.lieblings-lisa.de%2F%3Fp%3D3237&amp;title=Pflaumen-Ingwer%20Shot&amp;description=Zubereitung%20%20%20%20%20%0D%0A%0D%0AIngwer%20Shots%20sind%20voll%20mit%20Vitaminen%20und%20haben%20lauter%20positive%20Wirkungen%20auf%20unseren%20K%C3%B6rper.%C2%A0Deswegen%20sollten%20sie%20vor%20allem%20in%20der%20k%C3%A4lteren%20Jahreszeit%20ein%20Bestandteil%20unserer%20Ern%C3%A4hrung%20sein.%20In%20dieser%20herbstlichen%20Variante%20verwende%20ich%20Pflaumensaft%20und%20Zimt.%20%0D%0ADie%20Zutaten%0D%0APflaumensaft%0D%0APflaumen%20und%20damit%20auch%20Pflaumensaft\" target=\"_blank\" rel=\"noopener noreferrer\" title=\"Vk\" aria-label=\"Vk\" data-placement=\"top\" data-toggle=\"tooltip\" data-title=\"Vk\"><i class=\"fusion-social-network-icon fusion-tooltip fusion-vk awb-icon-vk\" style=\"color:#bebdbd;\" aria-hidden=\"true\"><\/i><\/a><\/span><span><a href=\"mailto:?subject=Pflaumen-Ingwer%20Shot&amp;body=https%3A%2F%2Fwww.lieblings-lisa.de%2F%3Fp%3D3237\" target=\"_self\" title=\"E-Mail\" aria-label=\"E-Mail\" data-placement=\"top\" data-toggle=\"tooltip\" data-title=\"E-Mail\"><i class=\"fusion-social-network-icon fusion-tooltip fusion-mail awb-icon-mail\" style=\"color:#bebdbd;\" aria-hidden=\"true\"><\/i><\/a><\/span><\/div><\/div><div class=\"fusion-clearfix\"><\/div><\/div><\/div><\/div><\/div><div class=\"fusion-fullwidth fullwidth-box fusion-builder-row-11 no-print nonhundred-percent-fullwidth non-hundred-percent-height-scrolling\" style=\"--awb-border-radius-top-left:0px;--awb-border-radius-top-right:0px;--awb-border-radius-bottom-right:0px;--awb-border-radius-bottom-left:0px;--awb-margin-top:30px;--awb-flex-wrap:wrap;\" ><div class=\"fusion-builder-row fusion-row\"><div class=\"fusion-layout-column fusion_builder_column fusion-builder-column-16 fusion_builder_column_1_1 1_1 fusion-one-full fusion-column-first fusion-column-last fusion-animated\" style=\"--awb-bg-size:cover;\" data-animationType=\"rubberBand\" data-animationDuration=\"0.5\" data-animationOffset=\"top-into-view\"><div class=\"fusion-column-wrapper fusion-column-has-shadow fusion-flex-column-wrapper-legacy\"><div class=\"fusion-image-element fusion-image-align-center in-legacy-container\" style=\"text-align:center;--awb-max-width:525px;--awb-caption-title-font-family:var(--h2_typography-font-family);--awb-caption-title-font-weight:var(--h2_typography-font-weight);--awb-caption-title-font-style:var(--h2_typography-font-style);--awb-caption-title-size:var(--h2_typography-font-size);--awb-caption-title-transform:var(--h2_typography-text-transform);--awb-caption-title-line-height:var(--h2_typography-line-height);--awb-caption-title-letter-spacing:var(--h2_typography-letter-spacing);\"><div class=\"imageframe-align-center\"><span class=\" fusion-imageframe imageframe-none imageframe-9 hover-type-none fusion-animated\" data-animationType=\"rubberBand\" data-animationDuration=\"1.0\" data-animationOffset=\"top-into-view\"><img decoding=\"async\" width=\"1024\" height=\"108\" title=\"Lisas_Lieblingsleckereien_Blog_Food_Kochen_Logo_trenner\" src=\"https:\/\/www.lieblings-lisa.de\/wp-content\/uploads\/2019\/09\/Lisas_Lieblingsleckereien_Blog_Food_Kochen_Logo_trenner.png\" data-orig-src=\"https:\/\/www.lieblings-lisa.de\/wp-content\/uploads\/2019\/09\/Lisas_Lieblingsleckereien_Blog_Food_Kochen_Logo_trenner-1024x108.png\" alt class=\"lazyload img-responsive wp-image-744\" srcset=\"data:image\/svg+xml,%3Csvg%20xmlns%3D%27http%3A%2F%2Fwww.w3.org%2F2000%2Fsvg%27%20width%3D%271049%27%20height%3D%27111%27%20viewBox%3D%270%200%201049%20111%27%3E%3Crect%20width%3D%271049%27%20height%3D%27111%27%20fill-opacity%3D%220%22%2F%3E%3C%2Fsvg%3E\" data-srcset=\"https:\/\/www.lieblings-lisa.de\/wp-content\/uploads\/2019\/09\/Lisas_Lieblingsleckereien_Blog_Food_Kochen_Logo_trenner-200x21.png 200w, https:\/\/www.lieblings-lisa.de\/wp-content\/uploads\/2019\/09\/Lisas_Lieblingsleckereien_Blog_Food_Kochen_Logo_trenner-400x42.png 400w, https:\/\/www.lieblings-lisa.de\/wp-content\/uploads\/2019\/09\/Lisas_Lieblingsleckereien_Blog_Food_Kochen_Logo_trenner-600x63.png 600w, https:\/\/www.lieblings-lisa.de\/wp-content\/uploads\/2019\/09\/Lisas_Lieblingsleckereien_Blog_Food_Kochen_Logo_trenner-800x85.png 800w, https:\/\/www.lieblings-lisa.de\/wp-content\/uploads\/2019\/09\/Lisas_Lieblingsleckereien_Blog_Food_Kochen_Logo_trenner.png 1049w\" data-sizes=\"auto\" data-orig-sizes=\"(max-width: 800px) 100vw, 1024px\" \/><\/span><\/div><\/div><div class=\"fusion-text fusion-text-15 head-six-comment\"><h6 style=\"text-align: center;\"><span style=\"color: #dd85ba;\">Platz f\u00fcr Kommentare<br \/>\n<\/span><\/h6>\n<\/div><div class=\"fusion-clearfix\"><\/div><\/div><\/div><\/div><\/div><\/p>\n","protected":false},"excerpt":{"rendered":"","protected":false},"author":2,"featured_media":1493,"comment_status":"open","ping_status":"closed","sticky":false,"template":"","format":"standard","meta":{"footnotes":""},"categories":[38],"tags":[79,98,95],"class_list":["post-1491","post","type-post","status-publish","format-standard","has-post-thumbnail","hentry","category-salate-suppen","tag-apfel","tag-feldsalat","tag-salat"],"yoast_head":"<!-- This site is optimized with the Yoast SEO plugin v25.3.1 - https:\/\/yoast.com\/wordpress\/plugins\/seo\/ -->\n<title>Feldsalat mit Linsen, Apfel und Feta - Lisas Lieblingsleckereien<\/title>\n<meta name=\"description\" content=\"Linsen, Apfelst\u00fcckchen und Fetaw\u00fcrfel verfeinern diesen knackigen Feldsalat. Eine frische und leckere Kombination, die zudem schnell zubereitet ist.\" \/>\n<meta name=\"robots\" content=\"index, follow, max-snippet:-1, max-image-preview:large, max-video-preview:-1\" \/>\n<link rel=\"canonical\" href=\"https:\/\/www.lieblings-lisa.de\/?p=1491\" \/>\n<meta property=\"og:locale\" content=\"de_DE\" \/>\n<meta property=\"og:type\" content=\"article\" \/>\n<meta property=\"og:title\" content=\"Feldsalat mit Linsen, Apfel und Feta - Lisas Lieblingsleckereien\" \/>\n<meta property=\"og:description\" content=\"Linsen, Apfelst\u00fcckchen und Fetaw\u00fcrfel verfeinern diesen knackigen Feldsalat. Eine frische und leckere Kombination, die zudem schnell zubereitet ist.\" \/>\n<meta property=\"og:url\" content=\"https:\/\/www.lieblings-lisa.de\/?p=1491\" \/>\n<meta property=\"og:site_name\" content=\"Lisas Lieblingsleckereien\" \/>\n<meta property=\"article:published_time\" content=\"2020-05-26T19:46:27+00:00\" \/>\n<meta property=\"og:image\" content=\"https:\/\/www.lieblings-lisa.de\/wp-content\/uploads\/2020\/05\/An-scaled-e1589203743362.jpg\" \/>\n\t<meta property=\"og:image:width\" content=\"1600\" \/>\n\t<meta property=\"og:image:height\" content=\"1203\" \/>\n\t<meta property=\"og:image:type\" content=\"image\/jpeg\" \/>\n<meta name=\"author\" content=\"Lisa\" \/>\n<meta name=\"twitter:card\" content=\"summary_large_image\" \/>\n<meta name=\"twitter:label1\" content=\"Geschrieben von\" \/>\n\t<meta name=\"twitter:data1\" content=\"Lisa\" \/>\n\t<meta name=\"twitter:label2\" content=\"Gesch\u00e4tzte Lesezeit\" \/>\n\t<meta name=\"twitter:data2\" content=\"37\u00a0Minuten\" \/>\n<script type=\"application\/ld+json\" class=\"yoast-schema-graph\">{\"@context\":\"https:\/\/schema.org\",\"@graph\":[{\"@type\":\"WebPage\",\"@id\":\"https:\/\/www.lieblings-lisa.de\/?p=1491\",\"url\":\"https:\/\/www.lieblings-lisa.de\/?p=1491\",\"name\":\"Feldsalat mit Linsen, Apfel und Feta - Lisas Lieblingsleckereien\",\"isPartOf\":{\"@id\":\"https:\/\/www.lieblings-lisa.de\/#website\"},\"primaryImageOfPage\":{\"@id\":\"https:\/\/www.lieblings-lisa.de\/?p=1491#primaryimage\"},\"image\":{\"@id\":\"https:\/\/www.lieblings-lisa.de\/?p=1491#primaryimage\"},\"thumbnailUrl\":\"https:\/\/www.lieblings-lisa.de\/wp-content\/uploads\/2020\/05\/An-scaled-e1589203743362.jpg\",\"datePublished\":\"2020-05-26T19:46:27+00:00\",\"author\":{\"@id\":\"https:\/\/www.lieblings-lisa.de\/#\/schema\/person\/a5140dc8da23124000c3aff117ec9a74\"},\"description\":\"Linsen, Apfelst\u00fcckchen und Fetaw\u00fcrfel verfeinern diesen knackigen Feldsalat. Eine frische und leckere Kombination, die zudem schnell zubereitet ist.\",\"breadcrumb\":{\"@id\":\"https:\/\/www.lieblings-lisa.de\/?p=1491#breadcrumb\"},\"inLanguage\":\"de\",\"potentialAction\":[{\"@type\":\"ReadAction\",\"target\":[\"https:\/\/www.lieblings-lisa.de\/?p=1491\"]}]},{\"@type\":\"ImageObject\",\"inLanguage\":\"de\",\"@id\":\"https:\/\/www.lieblings-lisa.de\/?p=1491#primaryimage\",\"url\":\"https:\/\/www.lieblings-lisa.de\/wp-content\/uploads\/2020\/05\/An-scaled-e1589203743362.jpg\",\"contentUrl\":\"https:\/\/www.lieblings-lisa.de\/wp-content\/uploads\/2020\/05\/An-scaled-e1589203743362.jpg\",\"width\":1600,\"height\":1203},{\"@type\":\"BreadcrumbList\",\"@id\":\"https:\/\/www.lieblings-lisa.de\/?p=1491#breadcrumb\",\"itemListElement\":[{\"@type\":\"ListItem\",\"position\":1,\"name\":\"Startseite\",\"item\":\"https:\/\/www.lieblings-lisa.de\/\"},{\"@type\":\"ListItem\",\"position\":2,\"name\":\"Feldsalat mit Linsen, Apfel und Feta\"}]},{\"@type\":\"WebSite\",\"@id\":\"https:\/\/www.lieblings-lisa.de\/#website\",\"url\":\"https:\/\/www.lieblings-lisa.de\/\",\"name\":\"Lisas Lieblingsleckereien\",\"description\":\"Kulinarisches zum Nachkochen\",\"potentialAction\":[{\"@type\":\"SearchAction\",\"target\":{\"@type\":\"EntryPoint\",\"urlTemplate\":\"https:\/\/www.lieblings-lisa.de\/?s={search_term_string}\"},\"query-input\":{\"@type\":\"PropertyValueSpecification\",\"valueRequired\":true,\"valueName\":\"search_term_string\"}}],\"inLanguage\":\"de\"},{\"@type\":\"Person\",\"@id\":\"https:\/\/www.lieblings-lisa.de\/#\/schema\/person\/a5140dc8da23124000c3aff117ec9a74\",\"name\":\"Lisa\",\"image\":{\"@type\":\"ImageObject\",\"inLanguage\":\"de\",\"@id\":\"https:\/\/www.lieblings-lisa.de\/#\/schema\/person\/image\/\",\"url\":\"https:\/\/secure.gravatar.com\/avatar\/41f568d2c706fabbda1b04e6ae16862ccf6d8613cf0ca8a2486576eb0bf32b83?s=96&d=mm&r=g\",\"contentUrl\":\"https:\/\/secure.gravatar.com\/avatar\/41f568d2c706fabbda1b04e6ae16862ccf6d8613cf0ca8a2486576eb0bf32b83?s=96&d=mm&r=g\",\"caption\":\"Lisa\"},\"url\":\"https:\/\/www.lieblings-lisa.de\/?author=2\"}]}<\/script>\n<!-- \/ Yoast SEO plugin. -->","yoast_head_json":{"title":"Feldsalat mit Linsen, Apfel und Feta - Lisas Lieblingsleckereien","description":"Linsen, Apfelst\u00fcckchen und Fetaw\u00fcrfel verfeinern diesen knackigen Feldsalat. Eine frische und leckere Kombination, die zudem schnell zubereitet ist.","robots":{"index":"index","follow":"follow","max-snippet":"max-snippet:-1","max-image-preview":"max-image-preview:large","max-video-preview":"max-video-preview:-1"},"canonical":"https:\/\/www.lieblings-lisa.de\/?p=1491","og_locale":"de_DE","og_type":"article","og_title":"Feldsalat mit Linsen, Apfel und Feta - Lisas Lieblingsleckereien","og_description":"Linsen, Apfelst\u00fcckchen und Fetaw\u00fcrfel verfeinern diesen knackigen Feldsalat. Eine frische und leckere Kombination, die zudem schnell zubereitet ist.","og_url":"https:\/\/www.lieblings-lisa.de\/?p=1491","og_site_name":"Lisas Lieblingsleckereien","article_published_time":"2020-05-26T19:46:27+00:00","og_image":[{"width":1600,"height":1203,"url":"https:\/\/www.lieblings-lisa.de\/wp-content\/uploads\/2020\/05\/An-scaled-e1589203743362.jpg","type":"image\/jpeg"}],"author":"Lisa","twitter_card":"summary_large_image","twitter_misc":{"Geschrieben von":"Lisa","Gesch\u00e4tzte Lesezeit":"37\u00a0Minuten"},"schema":{"@context":"https:\/\/schema.org","@graph":[{"@type":"WebPage","@id":"https:\/\/www.lieblings-lisa.de\/?p=1491","url":"https:\/\/www.lieblings-lisa.de\/?p=1491","name":"Feldsalat mit Linsen, Apfel und Feta - Lisas Lieblingsleckereien","isPartOf":{"@id":"https:\/\/www.lieblings-lisa.de\/#website"},"primaryImageOfPage":{"@id":"https:\/\/www.lieblings-lisa.de\/?p=1491#primaryimage"},"image":{"@id":"https:\/\/www.lieblings-lisa.de\/?p=1491#primaryimage"},"thumbnailUrl":"https:\/\/www.lieblings-lisa.de\/wp-content\/uploads\/2020\/05\/An-scaled-e1589203743362.jpg","datePublished":"2020-05-26T19:46:27+00:00","author":{"@id":"https:\/\/www.lieblings-lisa.de\/#\/schema\/person\/a5140dc8da23124000c3aff117ec9a74"},"description":"Linsen, Apfelst\u00fcckchen und Fetaw\u00fcrfel verfeinern diesen knackigen Feldsalat. Eine frische und leckere Kombination, die zudem schnell zubereitet ist.","breadcrumb":{"@id":"https:\/\/www.lieblings-lisa.de\/?p=1491#breadcrumb"},"inLanguage":"de","potentialAction":[{"@type":"ReadAction","target":["https:\/\/www.lieblings-lisa.de\/?p=1491"]}]},{"@type":"ImageObject","inLanguage":"de","@id":"https:\/\/www.lieblings-lisa.de\/?p=1491#primaryimage","url":"https:\/\/www.lieblings-lisa.de\/wp-content\/uploads\/2020\/05\/An-scaled-e1589203743362.jpg","contentUrl":"https:\/\/www.lieblings-lisa.de\/wp-content\/uploads\/2020\/05\/An-scaled-e1589203743362.jpg","width":1600,"height":1203},{"@type":"BreadcrumbList","@id":"https:\/\/www.lieblings-lisa.de\/?p=1491#breadcrumb","itemListElement":[{"@type":"ListItem","position":1,"name":"Startseite","item":"https:\/\/www.lieblings-lisa.de\/"},{"@type":"ListItem","position":2,"name":"Feldsalat mit Linsen, Apfel und Feta"}]},{"@type":"WebSite","@id":"https:\/\/www.lieblings-lisa.de\/#website","url":"https:\/\/www.lieblings-lisa.de\/","name":"Lisas Lieblingsleckereien","description":"Kulinarisches zum Nachkochen","potentialAction":[{"@type":"SearchAction","target":{"@type":"EntryPoint","urlTemplate":"https:\/\/www.lieblings-lisa.de\/?s={search_term_string}"},"query-input":{"@type":"PropertyValueSpecification","valueRequired":true,"valueName":"search_term_string"}}],"inLanguage":"de"},{"@type":"Person","@id":"https:\/\/www.lieblings-lisa.de\/#\/schema\/person\/a5140dc8da23124000c3aff117ec9a74","name":"Lisa","image":{"@type":"ImageObject","inLanguage":"de","@id":"https:\/\/www.lieblings-lisa.de\/#\/schema\/person\/image\/","url":"https:\/\/secure.gravatar.com\/avatar\/41f568d2c706fabbda1b04e6ae16862ccf6d8613cf0ca8a2486576eb0bf32b83?s=96&d=mm&r=g","contentUrl":"https:\/\/secure.gravatar.com\/avatar\/41f568d2c706fabbda1b04e6ae16862ccf6d8613cf0ca8a2486576eb0bf32b83?s=96&d=mm&r=g","caption":"Lisa"},"url":"https:\/\/www.lieblings-lisa.de\/?author=2"}]}},"_links":{"self":[{"href":"https:\/\/www.lieblings-lisa.de\/index.php?rest_route=\/wp\/v2\/posts\/1491","targetHints":{"allow":["GET"]}}],"collection":[{"href":"https:\/\/www.lieblings-lisa.de\/index.php?rest_route=\/wp\/v2\/posts"}],"about":[{"href":"https:\/\/www.lieblings-lisa.de\/index.php?rest_route=\/wp\/v2\/types\/post"}],"author":[{"embeddable":true,"href":"https:\/\/www.lieblings-lisa.de\/index.php?rest_route=\/wp\/v2\/users\/2"}],"replies":[{"embeddable":true,"href":"https:\/\/www.lieblings-lisa.de\/index.php?rest_route=%2Fwp%2Fv2%2Fcomments&post=1491"}],"version-history":[{"count":12,"href":"https:\/\/www.lieblings-lisa.de\/index.php?rest_route=\/wp\/v2\/posts\/1491\/revisions"}],"predecessor-version":[{"id":1512,"href":"https:\/\/www.lieblings-lisa.de\/index.php?rest_route=\/wp\/v2\/posts\/1491\/revisions\/1512"}],"wp:featuredmedia":[{"embeddable":true,"href":"https:\/\/www.lieblings-lisa.de\/index.php?rest_route=\/wp\/v2\/media\/1493"}],"wp:attachment":[{"href":"https:\/\/www.lieblings-lisa.de\/index.php?rest_route=%2Fwp%2Fv2%2Fmedia&parent=1491"}],"wp:term":[{"taxonomy":"category","embeddable":true,"href":"https:\/\/www.lieblings-lisa.de\/index.php?rest_route=%2Fwp%2Fv2%2Fcategories&post=1491"},{"taxonomy":"post_tag","embeddable":true,"href":"https:\/\/www.lieblings-lisa.de\/index.php?rest_route=%2Fwp%2Fv2%2Ftags&post=1491"}],"curies":[{"name":"wp","href":"https:\/\/api.w.org\/{rel}","templated":true}]}}