{"id":2865,"date":"2021-05-31T05:45:13","date_gmt":"2021-05-31T04:45:13","guid":{"rendered":"https:\/\/www.lieblings-lisa.de\/?p=2865"},"modified":"2021-05-31T05:45:13","modified_gmt":"2021-05-31T04:45:13","slug":"zuckerfreies-und-gesundes-bananenbrot","status":"publish","type":"post","link":"https:\/\/www.lieblings-lisa.de\/?p=2865","title":{"rendered":"Zuckerfreies und gesundes Bananenbrot"},"content":{"rendered":"<p><div class=\"fusion-fullwidth fullwidth-box fusion-builder-row-1 no-print nonhundred-percent-fullwidth non-hundred-percent-height-scrolling\" style=\"--awb-border-radius-top-left:0px;--awb-border-radius-top-right:0px;--awb-border-radius-bottom-right:0px;--awb-border-radius-bottom-left:0px;--awb-background-color:rgba(255,255,255,0);--awb-flex-wrap:wrap;\" ><div class=\"fusion-builder-row fusion-row\"><div class=\"fusion-layout-column fusion_builder_column fusion-builder-column-0 fusion_builder_column_1_1 1_1 fusion-one-full fusion-column-first fusion-column-last\" style=\"--awb-bg-size:cover;\"><div class=\"fusion-column-wrapper fusion-column-has-shadow fusion-flex-column-wrapper-legacy\">\n<div class=\"fusion-slider-revolution rev_slider_wrapper\">\t\t\t<!-- START Beitrag REVOLUTION SLIDER 6.7.14 --><p class=\"rs-p-wp-fix\"><\/p>\n\t\t\t<rs-module-wrap id=\"rev_slider_5_1_wrapper\" data-source=\"post\" style=\"visibility:hidden;background:transparent;padding:0;margin:0px auto;margin-top:0;margin-bottom:0;\">\n\t\t\t\t<rs-module id=\"rev_slider_5_1\" style=\"\" data-version=\"6.7.14\">\n\t\t\t\t\t<rs-slides style=\"overflow: hidden; position: absolute;\">\n\t\t\t\t\t\t<rs-slide style=\"position: absolute;\" data-key=\"rs-2865\" data-title=\"Zuckerfreies und gesundes Bananenbrot\" data-in=\"o:0;\" data-out=\"a:false;\">\n\t\t\t\t\t\t\t<img decoding=\"async\" src=\"\/\/www.lieblings-lisa.de\/wp-content\/plugins\/revslider\/sr6\/assets\/assets\/dummy.png\" alt=\"Zuckerfreies und gesundes Bananenbrot\" title=\"Zuckerfreies und gesundes Bananenbrot\" class=\"rev-slidebg tp-rs-img rs-lazyload\" data-lazyload=\"\/\/www.lieblings-lisa.de\/wp-content\/plugins\/revslider\/sr6\/assets\/assets\/transparent.png\" data-no-retina>\n<!--\n\t\t\t\t\t\t\t--><rs-layer\n\t\t\t\t\t\t\t\tid=\"slider-5-slide-2865-layer-0\" \n\t\t\t\t\t\t\t\tclass=\"bild-beitrag-rechts rs-selectable\"\n\t\t\t\t\t\t\t\tdata-type=\"image\"\n\t\t\t\t\t\t\t\tdata-rsp_ch=\"on\"\n\t\t\t\t\t\t\t\tdata-xy=\"x:r,r,r,c;\"\n\t\t\t\t\t\t\t\tdata-text=\"w:normal;s:20,16,12,7;l:0,20,15,9;\"\n\t\t\t\t\t\t\t\tdata-dim=\"w:60%,60%,60%,720px;h:auto,auto,auto,100%;\"\n\t\t\t\t\t\t\t\tdata-basealign=\"slide\"\n\t\t\t\t\t\t\t\tdata-frame_999=\"o:0;st:w;\"\n\t\t\t\t\t\t\t\tstyle=\"z-index:8;\"\n\t\t\t\t\t\t\t><img decoding=\"async\" src=\"\/\/www.lieblings-lisa.de\/wp-content\/plugins\/revslider\/sr6\/assets\/assets\/dummy.png\" alt=\"\" class=\"disable-lazyload tp-rs-img rs-lazyload\" width=\"1708\" height=\"1280\" data-lazyload=\"\/\/www.lieblings-lisa.de\/wp-content\/uploads\/2021\/05\/Dn-scaled-e1622434809197.jpg\" data-no-retina> \n\t\t\t\t\t\t\t<\/rs-layer><!--\n\n\t\t\t\t\t\t\t--><rs-layer\n\t\t\t\t\t\t\t\tid=\"slider-5-slide-2865-layer-1\" \n\t\t\t\t\t\t\t\tclass=\"rs-selectable\"\n\t\t\t\t\t\t\t\tdata-type=\"shape\"\n\t\t\t\t\t\t\t\tdata-rsp_ch=\"on\"\n\t\t\t\t\t\t\t\tdata-text=\"w:normal;s:20,16,12,7;l:0,20,15,9;\"\n\t\t\t\t\t\t\t\tdata-dim=\"w:30%;h:100%;\"\n\t\t\t\t\t\t\t\tdata-vbility=\"t,t,f,f\"\n\t\t\t\t\t\t\t\tdata-frame_999=\"o:0;st:w;\"\n\t\t\t\t\t\t\t\tstyle=\"z-index:9;background-color:#ffffff;\"\n\t\t\t\t\t\t\t> \n\t\t\t\t\t\t\t<\/rs-layer><!--\n\n\t\t\t\t\t\t\t--><rs-layer\n\t\t\t\t\t\t\t\tid=\"slider-5-slide-2865-layer-2\" \n\t\t\t\t\t\t\t\tclass=\"rs-selectable\"\n\t\t\t\t\t\t\t\tdata-type=\"shape\"\n\t\t\t\t\t\t\t\tdata-rsp_ch=\"on\"\n\t\t\t\t\t\t\t\tdata-text=\"w:normal;s:20,16,12,7;l:0,20,15,9;\"\n\t\t\t\t\t\t\t\tdata-dim=\"w:100%;h:100%;\"\n\t\t\t\t\t\t\t\tdata-frame_999=\"o:0;st:w;\"\n\t\t\t\t\t\t\t\tstyle=\"z-index:10;background:linear-gradient(90deg, rgba(255,255,255,0.8) 0%, rgba(255,255,255,0) 100%);\"\n\t\t\t\t\t\t\t> \n\t\t\t\t\t\t\t<\/rs-layer><!--\n\n\t\t\t\t\t\t\t--><h1\n\t\t\t\t\t\t\t\tid=\"slider-5-slide-2865-layer-3\" \n\t\t\t\t\t\t\t\tclass=\"rs-layer rs-selectable\"\n\t\t\t\t\t\t\t\tdata-type=\"text\"\n\t\t\t\t\t\t\t\tdata-color=\"#373737\"\n\t\t\t\t\t\t\t\tdata-tsh=\"h:3px,2px,1px,0px;v:3px,2px,1px,0px;b:3px,2px,1px,0px;\"\n\t\t\t\t\t\t\t\tdata-rsp_ch=\"on\"\n\t\t\t\t\t\t\t\tdata-xy=\"xo:50px,41px,31px,19px;yo:115px,115px,80px,80px;\"\n\t\t\t\t\t\t\t\tdata-text=\"w:normal;s:60,60,50,50;l:55,55,45,45;\"\n\t\t\t\t\t\t\t\tdata-dim=\"w:60%,60%,60%,447px;h:auto,auto,auto,39px;maxw:1200px,1000px,700px,none;\"\n\t\t\t\t\t\t\t\tdata-wrpcls=\"hg-linie\"\n\t\t\t\t\t\t\t\tdata-frame_999=\"o:0;st:w;\"\n\t\t\t\t\t\t\t\tstyle=\"z-index:13;font-family:'Lobster';white-space:normal !important;\"\n\t\t\t\t\t\t\t><span class=\"hg-linie\">Zuckerfreies und gesundes Bananenbrot<\/span> \n\t\t\t\t\t\t\t<\/h1><!--\n\n\t\t\t\t\t\t\t--><h3\n\t\t\t\t\t\t\t\tid=\"slider-5-slide-2865-layer-4\" \n\t\t\t\t\t\t\t\tclass=\"rs-layer category-color-dark rs-selectable\"\n\t\t\t\t\t\t\t\tdata-type=\"text\"\n\t\t\t\t\t\t\t\tdata-color=\"#373737\"\n\t\t\t\t\t\t\t\tdata-tsh=\"h:3px,2px,1px,0px;v:3px,2px,1px,0px;b:3px,2px,1px,0px;\"\n\t\t\t\t\t\t\t\tdata-rsp_ch=\"on\"\n\t\t\t\t\t\t\t\tdata-xy=\"xo:50px,41px,31px,19px;yo:30px,30px,20px,20px;\"\n\t\t\t\t\t\t\t\tdata-text=\"w:normal;s:20,20,16,18;l:25,20,15,9;ls:4px,3px,2px,1px;fw:700;\"\n\t\t\t\t\t\t\t\tdata-frame_999=\"o:0;st:w;\"\n\t\t\t\t\t\t\t\tstyle=\"z-index:14;font-family:'Kanit';text-transform:uppercase;color:#373737 !important;\"\n\t\t\t\t\t\t\t><a href=\"https:\/\/www.lieblings-lisa.de\/?cat=35\" title=\"View all posts in Kuchen, Torten &amp; Geb\u00e4ck\" rel=\"category\">Kuchen, Torten &amp; Geb\u00e4ck<\/a> \n\t\t\t\t\t\t\t<\/h3><!--\n\n\t\t\t\t\t\t\t--><h3\n\t\t\t\t\t\t\t\tid=\"slider-5-slide-2865-layer-6\" \n\t\t\t\t\t\t\t\tclass=\"rs-layer rs-selectable\"\n\t\t\t\t\t\t\t\tdata-type=\"text\"\n\t\t\t\t\t\t\t\tdata-color=\"#373737\"\n\t\t\t\t\t\t\t\tdata-tsh=\"h:3px,2px,1px,0px;v:3px,2px,1px,0px;b:3px,2px,1px,0px;\"\n\t\t\t\t\t\t\t\tdata-rsp_ch=\"on\"\n\t\t\t\t\t\t\t\tdata-xy=\"xo:50px,41px,31px,19px;yo:70px,70px,50px,50px;\"\n\t\t\t\t\t\t\t\tdata-text=\"w:normal;s:20,20,16,18;l:25,20,15,9;ls:4px,3px,2px,1px;fw:300;\"\n\t\t\t\t\t\t\t\tdata-frame_999=\"o:0;st:w;\"\n\t\t\t\t\t\t\t\tstyle=\"z-index:11;font-family:'Kanit';text-transform:uppercase;\"\n\t\t\t\t\t\t\t>31. Mai 2021 \n\t\t\t\t\t\t\t<\/h3><!--\n-->\t\t\t\t\t<\/rs-slide>\n\t\t\t\t\t<\/rs-slides>\n\t\t\t\t<\/rs-module>\n\t\t\t\t<script>\n\t\t\t\t\tsetREVStartSize({c: 'rev_slider_5_1',rl:[1240,1024,778,480],el:[530,500,550,480],gw:[1240,1024,778,480],gh:[530,500,550,480],type:'hero',justify:'',layout:'fullwidth',mh:\"0\"});if (window.RS_MODULES!==undefined && window.RS_MODULES.modules!==undefined && window.RS_MODULES.modules[\"revslider51\"]!==undefined) {window.RS_MODULES.modules[\"revslider51\"].once = false;window.revapi5 = undefined;if (window.RS_MODULES.checkMinimal!==undefined) window.RS_MODULES.checkMinimal()}\n\t\t\t\t<\/script>\n\t\t\t<\/rs-module-wrap>\n\t\t\t<!-- END REVOLUTION SLIDER -->\n<\/div><div class=\"fusion-clearfix\"><\/div><\/div><\/div><\/div><\/div><div class=\"fusion-fullwidth fullwidth-box fusion-builder-row-2 no-print nonhundred-percent-fullwidth non-hundred-percent-height-scrolling\" style=\"--awb-border-radius-top-left:0px;--awb-border-radius-top-right:0px;--awb-border-radius-bottom-right:0px;--awb-border-radius-bottom-left:0px;--awb-margin-top:30px;--awb-flex-wrap:wrap;\" ><div class=\"fusion-builder-row fusion-row\"><div class=\"fusion-layout-column fusion_builder_column fusion-builder-column-1 fusion_builder_column_3_4 3_4 fusion-three-fourth fusion-column-first fusion-animated\" style=\"--awb-bg-size:cover;width:75%;width:calc(75% - ( ( 4% ) * 0.75 ) );margin-right: 4%;\" data-animationType=\"rubberBand\" data-animationDuration=\"0.5\" data-animationOffset=\"top-into-view\"><div class=\"fusion-column-wrapper fusion-column-has-shadow fusion-flex-column-wrapper-legacy\"><div class=\"fusion-image-element fusion-image-align-center in-legacy-container\" style=\"text-align:center;--awb-max-width:525px;--awb-caption-title-font-family:var(--h2_typography-font-family);--awb-caption-title-font-weight:var(--h2_typography-font-weight);--awb-caption-title-font-style:var(--h2_typography-font-style);--awb-caption-title-size:var(--h2_typography-font-size);--awb-caption-title-transform:var(--h2_typography-text-transform);--awb-caption-title-line-height:var(--h2_typography-line-height);--awb-caption-title-letter-spacing:var(--h2_typography-letter-spacing);\"><div class=\"imageframe-align-center\"><span class=\" fusion-imageframe imageframe-none imageframe-1 hover-type-none fusion-animated\" data-animationType=\"rubberBand\" data-animationDuration=\"1.0\" data-animationOffset=\"top-into-view\"><img decoding=\"async\" width=\"1024\" height=\"108\" title=\"Lisas_Lieblingsleckereien_Blog_Food_Kochen_Logo_trenner\" src=\"https:\/\/www.lieblings-lisa.de\/wp-content\/uploads\/2019\/09\/Lisas_Lieblingsleckereien_Blog_Food_Kochen_Logo_trenner.png\" data-orig-src=\"https:\/\/www.lieblings-lisa.de\/wp-content\/uploads\/2019\/09\/Lisas_Lieblingsleckereien_Blog_Food_Kochen_Logo_trenner-1024x108.png\" alt class=\"lazyload img-responsive wp-image-744\" srcset=\"data:image\/svg+xml,%3Csvg%20xmlns%3D%27http%3A%2F%2Fwww.w3.org%2F2000%2Fsvg%27%20width%3D%271049%27%20height%3D%27111%27%20viewBox%3D%270%200%201049%20111%27%3E%3Crect%20width%3D%271049%27%20height%3D%27111%27%20fill-opacity%3D%220%22%2F%3E%3C%2Fsvg%3E\" data-srcset=\"https:\/\/www.lieblings-lisa.de\/wp-content\/uploads\/2019\/09\/Lisas_Lieblingsleckereien_Blog_Food_Kochen_Logo_trenner-200x21.png 200w, https:\/\/www.lieblings-lisa.de\/wp-content\/uploads\/2019\/09\/Lisas_Lieblingsleckereien_Blog_Food_Kochen_Logo_trenner-400x42.png 400w, https:\/\/www.lieblings-lisa.de\/wp-content\/uploads\/2019\/09\/Lisas_Lieblingsleckereien_Blog_Food_Kochen_Logo_trenner-600x63.png 600w, https:\/\/www.lieblings-lisa.de\/wp-content\/uploads\/2019\/09\/Lisas_Lieblingsleckereien_Blog_Food_Kochen_Logo_trenner-800x85.png 800w, https:\/\/www.lieblings-lisa.de\/wp-content\/uploads\/2019\/09\/Lisas_Lieblingsleckereien_Blog_Food_Kochen_Logo_trenner.png 1049w\" data-sizes=\"auto\" data-orig-sizes=\"(max-width: 800px) 100vw, 800px\" \/><\/span><\/div><\/div><div class=\"fusion-text fusion-text-1\"><h6 style=\"text-align: center;\"><span style=\"color: #dd85ba;\">Zubereitung<\/span><\/h6>\n<\/div><div class=\"fusion-clearfix\"><\/div><\/div><\/div><div class=\"fusion-layout-column fusion_builder_column fusion-builder-column-2 fusion_builder_column_1_4 1_4 fusion-one-fourth fusion-column-last\" style=\"--awb-bg-size:cover;width:25%;width:calc(25% - ( ( 4% ) * 0.25 ) );\"><div class=\"fusion-column-wrapper fusion-column-has-shadow fusion-flex-column-wrapper-legacy\"><div class=\"fusion-clearfix\"><\/div><\/div><\/div><\/div><\/div><div class=\"fusion-fullwidth fullwidth-box fusion-builder-row-3 no-print nonhundred-percent-fullwidth non-hundred-percent-height-scrolling\" style=\"--awb-border-radius-top-left:0px;--awb-border-radius-top-right:0px;--awb-border-radius-bottom-right:0px;--awb-border-radius-bottom-left:0px;--awb-flex-wrap:wrap;\" ><div class=\"fusion-builder-row fusion-row\"><div class=\"fusion-layout-column fusion_builder_column fusion-builder-column-3 fusion_builder_column_3_4 3_4 fusion-three-fourth fusion-column-first\" style=\"--awb-bg-size:cover;width:75%;width:calc(75% - ( ( 4% ) * 0.75 ) );margin-right: 4%;\"><div class=\"fusion-column-wrapper fusion-column-has-shadow fusion-flex-column-wrapper-legacy\"><div class=\"fusion-text fusion-text-2 fusion-animated\" data-animationType=\"slideInLeft\" data-animationDuration=\"0.3\" data-animationOffset=\"top-into-view\"><p><span class=\"fusion-dropcap dropcap\">I<\/span>ch muss gestehen, dass ich lange Zeit kein allzu gro\u00dfer Bananenbrot-Fan war. Vielleicht lag das daran, dass der Name mir ein gesundes Brot f\u00fcr den Fr\u00fchst\u00fcckstisch versprochen hat und die Realit\u00e4t aber eigentlich eher ein nicht wirklich gesunder Kuchen war. Nachdem ich das verstanden habe, hatte ich aber nat\u00fcrlich dennoch ab und zu mal ein Bananenbrot gegessen. Denn schmecken tut es definitiv! Vor allem zum Nachmittag als St\u00fcck Kuchen. Ein St\u00fcck Kuchen ist ja auch eine sehr gute Idee, aber ich wollte eben auch gerne eine gesunde Variante, die ich sogar zum Fr\u00fchst\u00fcck essen kann.<\/p>\n<\/div><div class=\"fusion-builder-row fusion-builder-row-inner fusion-row\"><div class=\"fusion-layout-column fusion_builder_column_inner fusion-builder-nested-column-0 fusion_builder_column_inner_1_1 1_1 fusion-one-full fusion-column-first fusion-column-last\" style=\"--awb-bg-size:cover;\"><div class=\"fusion-column-wrapper fusion-column-has-shadow fusion-flex-column-wrapper-legacy\"><div class=\"fusion-image-element fusion-image-align-center in-legacy-container\" style=\"text-align:center;--awb-caption-title-font-family:var(--h2_typography-font-family);--awb-caption-title-font-weight:var(--h2_typography-font-weight);--awb-caption-title-font-style:var(--h2_typography-font-style);--awb-caption-title-size:var(--h2_typography-font-size);--awb-caption-title-transform:var(--h2_typography-text-transform);--awb-caption-title-line-height:var(--h2_typography-line-height);--awb-caption-title-letter-spacing:var(--h2_typography-letter-spacing);\"><div class=\"imageframe-align-center\"><span class=\" fusion-imageframe imageframe-none imageframe-2 hover-type-none\"><img decoding=\"async\" width=\"683\" height=\"1024\" title=\"Rezept gesundes Bananenbrot\" src=\"data:image\/svg+xml,%3Csvg%20xmlns%3D%27http%3A%2F%2Fwww.w3.org%2F2000%2Fsvg%27%20width%3D%271000%27%20height%3D%271499%27%20viewBox%3D%270%200%201000%201499%27%3E%3Crect%20width%3D%271000%27%20height%3D%271499%27%20fill-opacity%3D%220%22%2F%3E%3C%2Fsvg%3E\" data-orig-src=\"https:\/\/www.lieblings-lisa.de\/wp-content\/uploads\/2021\/05\/AAAA-2n-683x1024.jpg\" alt class=\"lazyload img-responsive wp-image-2868\"\/><\/span><\/div><\/div><div class=\"fusion-clearfix\"><\/div><\/div><\/div><\/div><div class=\"fusion-text fusion-text-3\"><p>Also habe ich mich in die K\u00fcche gestellt und an einer ges\u00fcnderen Bananenbrot-Variante gewerkelt. Ich muss sagen: Ich bin mehr als zufrieden. Schon beim zweiten Backversuch war ich super happy mit dem Ergebnis und hatte ein fluffiges und angenehm s\u00fc\u00dfes Bananenbrot geschaffen.\u00a0Anstelle von Weizenmehl wird in diesem Rezept Vollkornmehl verwendet. Wann immer ihr auf diese Variante zur\u00fcckgreifen k\u00f6nnt, solltet ihr das machen. Im vollen Korn stecken die ganzen wertvollen N\u00e4hrstoffe und es macht euch letztendlich l\u00e4nger satt. Vor allem bei herzhaften Gerichten l\u00e4sst sich das Mehl super einfach austauschen. Bei s\u00fc\u00dfen Varianten sind wir wahrscheinlich einfach zu sehr an den Geschmack gew\u00f6hnt. Bei diesem Bananenbrot Rezept passt es wirklich perfekt und tut dem Geschmack keinen Abbruch.<\/p>\n<\/div><div class=\"fusion-builder-row fusion-builder-row-inner fusion-row\"><div class=\"fusion-layout-column fusion_builder_column_inner fusion-builder-nested-column-1 fusion_builder_column_inner_1_2 1_2 fusion-one-half fusion-column-first\" style=\"--awb-bg-size:cover;width:50%;width:calc(50% - ( ( 4% ) * 0.5 ) );margin-right: 4%;\"><div class=\"fusion-column-wrapper fusion-column-has-shadow fusion-flex-column-wrapper-legacy\"><div class=\"fusion-image-element in-legacy-container\" style=\"--awb-caption-title-font-family:var(--h2_typography-font-family);--awb-caption-title-font-weight:var(--h2_typography-font-weight);--awb-caption-title-font-style:var(--h2_typography-font-style);--awb-caption-title-size:var(--h2_typography-font-size);--awb-caption-title-transform:var(--h2_typography-text-transform);--awb-caption-title-line-height:var(--h2_typography-line-height);--awb-caption-title-letter-spacing:var(--h2_typography-letter-spacing);\"><span class=\" fusion-imageframe imageframe-none imageframe-3 hover-type-none\"><img decoding=\"async\" width=\"683\" height=\"1024\" title=\"Rezept gesundes Bananenbrot\" src=\"data:image\/svg+xml,%3Csvg%20xmlns%3D%27http%3A%2F%2Fwww.w3.org%2F2000%2Fsvg%27%20width%3D%271000%27%20height%3D%271499%27%20viewBox%3D%270%200%201000%201499%27%3E%3Crect%20width%3D%271000%27%20height%3D%271499%27%20fill-opacity%3D%220%22%2F%3E%3C%2Fsvg%3E\" data-orig-src=\"https:\/\/www.lieblings-lisa.de\/wp-content\/uploads\/2021\/05\/CCn-2-683x1024.jpg\" alt class=\"lazyload img-responsive wp-image-2873\"\/><\/span><\/div><div class=\"fusion-clearfix\"><\/div><\/div><\/div><div class=\"fusion-layout-column fusion_builder_column_inner fusion-builder-nested-column-2 fusion_builder_column_inner_1_2 1_2 fusion-one-half fusion-column-last\" style=\"--awb-bg-size:cover;width:50%;width:calc(50% - ( ( 4% ) * 0.5 ) );\"><div class=\"fusion-column-wrapper fusion-column-has-shadow fusion-flex-column-wrapper-legacy\"><div class=\"fusion-image-element in-legacy-container\" style=\"--awb-caption-title-font-family:var(--h2_typography-font-family);--awb-caption-title-font-weight:var(--h2_typography-font-weight);--awb-caption-title-font-style:var(--h2_typography-font-style);--awb-caption-title-size:var(--h2_typography-font-size);--awb-caption-title-transform:var(--h2_typography-text-transform);--awb-caption-title-line-height:var(--h2_typography-line-height);--awb-caption-title-letter-spacing:var(--h2_typography-letter-spacing);\"><span class=\" fusion-imageframe imageframe-none imageframe-4 hover-type-none\"><img decoding=\"async\" width=\"683\" height=\"1024\" title=\"Rezept gesundes Bananenbrot\" src=\"data:image\/svg+xml,%3Csvg%20xmlns%3D%27http%3A%2F%2Fwww.w3.org%2F2000%2Fsvg%27%20width%3D%271000%27%20height%3D%271499%27%20viewBox%3D%270%200%201000%201499%27%3E%3Crect%20width%3D%271000%27%20height%3D%271499%27%20fill-opacity%3D%220%22%2F%3E%3C%2Fsvg%3E\" data-orig-src=\"https:\/\/www.lieblings-lisa.de\/wp-content\/uploads\/2021\/05\/Cn-1-683x1024.jpg\" alt class=\"lazyload img-responsive wp-image-2874\"\/><\/span><\/div><div class=\"fusion-clearfix\"><\/div><\/div><\/div><\/div><div class=\"fusion-text fusion-text-4\"><p>Zucker spielt bei den meisten Bananenbroten eine gro\u00dfe Rolle! Achtung: In diesem Brot befindet sich kein Industriezucker. F\u00fcr die S\u00fc\u00dfe helfen zum einen die Bananen, welche m\u00f6glichst reif sein sollten. Zudem kommen Datteln in unser Brot. Diese sind von Natur aus sehr s\u00fc\u00df und werden mit der pflanzlichen Milch p\u00fcriert, sodass eine Art Paste entsteht, mit der das Bananenbrot dann ges\u00fc\u00dft wird.\u00a0Es kommen tats\u00e4chlich ganze drei Bananen plus noch eine als Deko oben drauf in unser Brot. Klingt viel, aber wir backen,\u00a0wie es der Name sagt: BANANENbrot.<\/p>\n<\/div><div class=\"fusion-builder-row fusion-builder-row-inner fusion-row\"><div class=\"fusion-layout-column fusion_builder_column_inner fusion-builder-nested-column-3 fusion_builder_column_inner_1_1 1_1 fusion-one-full fusion-column-first fusion-column-last\" style=\"--awb-bg-size:cover;\"><div class=\"fusion-column-wrapper fusion-column-has-shadow fusion-flex-column-wrapper-legacy\"><div class=\"fusion-image-element fusion-image-align-center in-legacy-container\" style=\"text-align:center;--awb-caption-title-font-family:var(--h2_typography-font-family);--awb-caption-title-font-weight:var(--h2_typography-font-weight);--awb-caption-title-font-style:var(--h2_typography-font-style);--awb-caption-title-size:var(--h2_typography-font-size);--awb-caption-title-transform:var(--h2_typography-text-transform);--awb-caption-title-line-height:var(--h2_typography-line-height);--awb-caption-title-letter-spacing:var(--h2_typography-letter-spacing);\"><div class=\"imageframe-align-center\"><span class=\" fusion-imageframe imageframe-none imageframe-5 hover-type-none\"><img decoding=\"async\" width=\"683\" height=\"1024\" title=\"Rezept gesundes Bananenbrot\" src=\"data:image\/svg+xml,%3Csvg%20xmlns%3D%27http%3A%2F%2Fwww.w3.org%2F2000%2Fsvg%27%20width%3D%271000%27%20height%3D%271499%27%20viewBox%3D%270%200%201000%201499%27%3E%3Crect%20width%3D%271000%27%20height%3D%271499%27%20fill-opacity%3D%220%22%2F%3E%3C%2Fsvg%3E\" data-orig-src=\"https:\/\/www.lieblings-lisa.de\/wp-content\/uploads\/2021\/05\/D-2n-683x1024.jpg\" alt class=\"lazyload img-responsive wp-image-2875\"\/><\/span><\/div><\/div><div class=\"fusion-clearfix\"><\/div><\/div><\/div><\/div><div class=\"fusion-text fusion-text-5\"><p style=\"text-align: center;\">Das Rezept ist zudem vegan! Also keine tierischen Hormone und ihr senkt euer Risiko f\u00fcr Krankheiten wie Diabetes oder Herzprobleme&#8230;ich will hier gar nicht alles aufz\u00e4hlen. Im Internet findet ihr dazu nat\u00fcrlich auch genug Informationen. Aber Ihr tut eurem K\u00f6rper hier definitiv etwas Gutes. Und auch ohne Eier oder andere tierische Produkte ist das Ergebnis fluffig und nicht trocken. Einfach ein perfektes Bananenbrot!<\/p>\n<p style=\"text-align: center;\">Probiert es aus und lasst euch \u00fcberraschen! PS: Ich esse es am liebsten mit Fr\u00fcchten serviert.<br \/>\nLisa<\/p>\n<\/div><div class=\"fusion-clearfix\"><\/div><\/div><\/div><div class=\"fusion-layout-column fusion_builder_column fusion-builder-column-4 fusion_builder_column_1_4 1_4 fusion-one-fourth fusion-column-last no-print fusion-no-small-visibility fusion-no-medium-visibility fusion-animated\" style=\"--awb-bg-size:cover;width:25%;width:calc(25% - ( ( 4% ) * 0.25 ) );\" data-animationType=\"slideInRight\" data-animationDuration=\"0.4\" data-animationOffset=\"top-into-view\"><div class=\"fusion-column-wrapper fusion-column-has-shadow fusion-flex-column-wrapper-legacy\"><div class=\"fusion-widget-area awb-widget-area-element fusion-widget-area-1 fusion-content-widget-area\" style=\"--awb-title-color:#373737;--awb-padding:0px 0px 0px 0px;\"><section id=\"search-2\" class=\"widget widget_search\" style=\"border-style: solid;border-color:transparent;border-width:0px;\">\t\t<form role=\"search\" class=\"searchform fusion-search-form  fusion-search-form-classic\" method=\"get\" action=\"https:\/\/www.lieblings-lisa.de\/\">\n\t\t\t<div class=\"fusion-search-form-content\">\n\n\t\t\t\t\n\t\t\t\t<div class=\"fusion-search-field search-field\">\n\t\t\t\t\t<label><span class=\"screen-reader-text\">Suche nach:<\/span>\n\t\t\t\t\t\t\t\t\t\t\t\t\t<input type=\"search\" value=\"\" name=\"s\" class=\"s\" placeholder=\"Suchen...\" required aria-required=\"true\" aria-label=\"Suchen...\"\/>\n\t\t\t\t\t\t\t\t\t\t\t<\/label>\n\t\t\t\t<\/div>\n\t\t\t\t<div class=\"fusion-search-button search-button\">\n\t\t\t\t\t<input type=\"submit\" class=\"fusion-search-submit searchsubmit\" aria-label=\"Suche\" value=\"&#xf002;\" \/>\n\t\t\t\t\t\t\t\t\t<\/div>\n\n\t\t\t\t\n\t\t\t<\/div>\n\n\n\t\t\t\n\t\t<\/form>\n\t\t<\/section><section id=\"text-2\" class=\"widget widget_text\"><div class=\"heading\"><h4 class=\"widget-title\">\u00dcber mich<\/h4><\/div>\t\t\t<div class=\"textwidget\"><p><img decoding=\"async\" class=\"lazyload rundes-bild alignleft wp-image-781 size-thumbnail\" src=\"https:\/\/www.lieblings-lisa.de\/wp-content\/uploads\/2019\/09\/Lisas_Lieblingsleckereien_Blog_Food_Kochen_Lisa-Portrait-150x150.jpg\" data-orig-src=\"https:\/\/www.lieblings-lisa.de\/wp-content\/uploads\/2019\/09\/Lisas_Lieblingsleckereien_Blog_Food_Kochen_Lisa-Portrait-150x150.jpg\" alt=\"\" width=\"150\" height=\"150\" srcset=\"data:image\/svg+xml,%3Csvg%20xmlns%3D%27http%3A%2F%2Fwww.w3.org%2F2000%2Fsvg%27%20width%3D%27150%27%20height%3D%27150%27%20viewBox%3D%270%200%20150%20150%27%3E%3Crect%20width%3D%27150%27%20height%3D%27150%27%20fill-opacity%3D%220%22%2F%3E%3C%2Fsvg%3E\" data-srcset=\"https:\/\/www.lieblings-lisa.de\/wp-content\/uploads\/2019\/09\/Lisas_Lieblingsleckereien_Blog_Food_Kochen_Lisa-Portrait-66x66.jpg 66w, https:\/\/www.lieblings-lisa.de\/wp-content\/uploads\/2019\/09\/Lisas_Lieblingsleckereien_Blog_Food_Kochen_Lisa-Portrait-150x150.jpg 150w, https:\/\/www.lieblings-lisa.de\/wp-content\/uploads\/2019\/09\/Lisas_Lieblingsleckereien_Blog_Food_Kochen_Lisa-Portrait-200x200.jpg 200w, https:\/\/www.lieblings-lisa.de\/wp-content\/uploads\/2019\/09\/Lisas_Lieblingsleckereien_Blog_Food_Kochen_Lisa-Portrait-300x300.jpg 300w, https:\/\/www.lieblings-lisa.de\/wp-content\/uploads\/2019\/09\/Lisas_Lieblingsleckereien_Blog_Food_Kochen_Lisa-Portrait-400x400.jpg 400w, https:\/\/www.lieblings-lisa.de\/wp-content\/uploads\/2019\/09\/Lisas_Lieblingsleckereien_Blog_Food_Kochen_Lisa-Portrait-500x500.jpg 500w, https:\/\/www.lieblings-lisa.de\/wp-content\/uploads\/2019\/09\/Lisas_Lieblingsleckereien_Blog_Food_Kochen_Lisa-Portrait-600x600.jpg 600w, https:\/\/www.lieblings-lisa.de\/wp-content\/uploads\/2019\/09\/Lisas_Lieblingsleckereien_Blog_Food_Kochen_Lisa-Portrait-768x768.jpg 768w, https:\/\/www.lieblings-lisa.de\/wp-content\/uploads\/2019\/09\/Lisas_Lieblingsleckereien_Blog_Food_Kochen_Lisa-Portrait-800x800.jpg 800w, https:\/\/www.lieblings-lisa.de\/wp-content\/uploads\/2019\/09\/Lisas_Lieblingsleckereien_Blog_Food_Kochen_Lisa-Portrait.jpg 892w\" data-sizes=\"auto\" data-orig-sizes=\"(max-width: 150px) 100vw, 150px\" \/>Ich bin Lisa, ein leidenschaftlicher &#8222;Foodie&#8220;. Egal ob kochen oder backen, ich liebe es, neue Rezepte auszuprobieren und zu fotografieren. Meine Lieblingsrezepte entdecke ich dabei in B\u00fcchern, in Zeitschriften, im Internet oder auf Reisen.<\/p>\n<\/div>\n\t\t<\/section><style type=\"text\/css\" data-id=\"media_image-2\">@media (max-width: 800px){#media_image-2{text-align:center !important;}}<\/style><section id=\"media_image-2\" class=\"fusion-widget-mobile-align-center fusion-widget-align-center widget widget_media_image\" style=\"text-align: center;\"><img decoding=\"async\" width=\"300\" height=\"32\" src=\"https:\/\/www.lieblings-lisa.de\/wp-content\/uploads\/2019\/09\/Lisas_Lieblingsleckereien_Blog_Food_Kochen_Logo_trenner-300x32.png\" class=\"image wp-image-744  attachment-medium size-medium lazyload\" alt=\"\" style=\"max-width: 100%; height: auto;\" srcset=\"data:image\/svg+xml,%3Csvg%20xmlns%3D%27http%3A%2F%2Fwww.w3.org%2F2000%2Fsvg%27%20width%3D%271049%27%20height%3D%27111%27%20viewBox%3D%270%200%201049%20111%27%3E%3Crect%20width%3D%271049%27%20height%3D%27111%27%20fill-opacity%3D%220%22%2F%3E%3C%2Fsvg%3E\" data-orig-src=\"https:\/\/www.lieblings-lisa.de\/wp-content\/uploads\/2019\/09\/Lisas_Lieblingsleckereien_Blog_Food_Kochen_Logo_trenner-300x32.png\" data-srcset=\"https:\/\/www.lieblings-lisa.de\/wp-content\/uploads\/2019\/09\/Lisas_Lieblingsleckereien_Blog_Food_Kochen_Logo_trenner-200x21.png 200w, https:\/\/www.lieblings-lisa.de\/wp-content\/uploads\/2019\/09\/Lisas_Lieblingsleckereien_Blog_Food_Kochen_Logo_trenner-300x32.png 300w, https:\/\/www.lieblings-lisa.de\/wp-content\/uploads\/2019\/09\/Lisas_Lieblingsleckereien_Blog_Food_Kochen_Logo_trenner-400x42.png 400w, https:\/\/www.lieblings-lisa.de\/wp-content\/uploads\/2019\/09\/Lisas_Lieblingsleckereien_Blog_Food_Kochen_Logo_trenner-600x63.png 600w, https:\/\/www.lieblings-lisa.de\/wp-content\/uploads\/2019\/09\/Lisas_Lieblingsleckereien_Blog_Food_Kochen_Logo_trenner-768x81.png 768w, https:\/\/www.lieblings-lisa.de\/wp-content\/uploads\/2019\/09\/Lisas_Lieblingsleckereien_Blog_Food_Kochen_Logo_trenner-800x85.png 800w, https:\/\/www.lieblings-lisa.de\/wp-content\/uploads\/2019\/09\/Lisas_Lieblingsleckereien_Blog_Food_Kochen_Logo_trenner-1024x108.png 1024w, https:\/\/www.lieblings-lisa.de\/wp-content\/uploads\/2019\/09\/Lisas_Lieblingsleckereien_Blog_Food_Kochen_Logo_trenner.png 1049w\" data-sizes=\"auto\" \/><\/section><section id=\"social_links-widget-2\" class=\"widget social_links\" style=\"border-style: solid;border-color:transparent;border-width:0px;\"><div class=\"heading\"><h4 class=\"widget-title\">Lass uns in Kontakt bleiben<\/h4><\/div>\n\t\t<div class=\"fusion-social-networks\">\n\n\t\t\t<div class=\"fusion-social-networks-wrapper\">\n\t\t\t\t\t\t\t\t\t\t\t\t\t\t\t\t\t\t\t\t\t\t\t\t\t\t\t\t\n\t\t\t\t\t\t\n\t\t\t\t\t\t\t\t\t\t\t\t\t\t\t\t\t\t\t\t\t\t\t\t\t\t\t\t\t\t\t\t\t\t\t<a class=\"fusion-social-network-icon fusion-tooltip fusion-facebook awb-icon-facebook\" href=\"https:\/\/www.facebook.com\/profile.php?id=100007999609205\"  data-placement=\"top\" data-title=\"Facebook\" data-toggle=\"tooltip\" data-original-title=\"\"  title=\"Facebook\" aria-label=\"Facebook\" rel=\"noopener noreferrer\" target=\"_self\" style=\"font-size:16px;color:#ddb5c8;\"><\/a>\n\t\t\t\t\t\t\t\t\t\t\t\n\t\t\t\t\t\t\t\t\t\t\n\t\t\t\t\t\t\t\t\t\t\t\t\t\t\t\t\t\t\t\t\n\t\t\t\t\t\t\n\t\t\t\t\t\t\t\t\t\t\t\t\t\t\t\t\t\t\t\t\t\t\t\t\t\t\t\t\t\t\t\t\t\t\t<a class=\"fusion-social-network-icon fusion-tooltip fusion-instagram awb-icon-instagram\" href=\"https:\/\/www.instagram.com\/lisaslieblings\/\"  data-placement=\"top\" data-title=\"Instagram\" data-toggle=\"tooltip\" data-original-title=\"\"  title=\"Instagram\" aria-label=\"Instagram\" rel=\"noopener noreferrer\" target=\"_self\" style=\"font-size:16px;color:#ddb5c8;\"><\/a>\n\t\t\t\t\t\t\t\t\t\t\t\n\t\t\t\t\t\t\t\t\t\t\n\t\t\t\t\t\t\t\t\t\t\t\t\t\t\t\t\t\t\t\t\n\t\t\t\t\t\t\n\t\t\t\t\t\t\t\t\t\t\t\t\t\t\t\t\t\t\t\t\t\t\t\t\t\t\t\t\t\t\t\t\t\t\t<a class=\"fusion-social-network-icon fusion-tooltip fusion-pinterest awb-icon-pinterest\" href=\"https:\/\/www.pinterest.de\/lisaslieblingsleckereien\/\"  data-placement=\"top\" data-title=\"Pinterest\" data-toggle=\"tooltip\" data-original-title=\"\"  title=\"Pinterest\" aria-label=\"Pinterest\" rel=\"noopener noreferrer\" target=\"_self\" style=\"font-size:16px;color:#ddb5c8;\"><\/a>\n\t\t\t\t\t\t\t\t\t\t\t\n\t\t\t\t\t\t\t\t\t\t\n\t\t\t\t\n\t\t\t<\/div>\n\t\t<\/div>\n\n\t\t<\/section><style type=\"text\/css\" data-id=\"media_image-3\">@media (max-width: 800px){#media_image-3{text-align:center !important;}}<\/style><section id=\"media_image-3\" class=\"fusion-widget-mobile-align-center fusion-widget-align-center widget widget_media_image\" style=\"text-align: center;\"><img decoding=\"async\" width=\"300\" height=\"32\" src=\"https:\/\/www.lieblings-lisa.de\/wp-content\/uploads\/2019\/09\/Lisas_Lieblingsleckereien_Blog_Food_Kochen_Logo_trenner-300x32.png\" class=\"image wp-image-744  attachment-medium size-medium lazyload\" alt=\"\" style=\"max-width: 100%; height: auto;\" srcset=\"data:image\/svg+xml,%3Csvg%20xmlns%3D%27http%3A%2F%2Fwww.w3.org%2F2000%2Fsvg%27%20width%3D%271049%27%20height%3D%27111%27%20viewBox%3D%270%200%201049%20111%27%3E%3Crect%20width%3D%271049%27%20height%3D%27111%27%20fill-opacity%3D%220%22%2F%3E%3C%2Fsvg%3E\" data-orig-src=\"https:\/\/www.lieblings-lisa.de\/wp-content\/uploads\/2019\/09\/Lisas_Lieblingsleckereien_Blog_Food_Kochen_Logo_trenner-300x32.png\" data-srcset=\"https:\/\/www.lieblings-lisa.de\/wp-content\/uploads\/2019\/09\/Lisas_Lieblingsleckereien_Blog_Food_Kochen_Logo_trenner-200x21.png 200w, https:\/\/www.lieblings-lisa.de\/wp-content\/uploads\/2019\/09\/Lisas_Lieblingsleckereien_Blog_Food_Kochen_Logo_trenner-300x32.png 300w, https:\/\/www.lieblings-lisa.de\/wp-content\/uploads\/2019\/09\/Lisas_Lieblingsleckereien_Blog_Food_Kochen_Logo_trenner-400x42.png 400w, https:\/\/www.lieblings-lisa.de\/wp-content\/uploads\/2019\/09\/Lisas_Lieblingsleckereien_Blog_Food_Kochen_Logo_trenner-600x63.png 600w, https:\/\/www.lieblings-lisa.de\/wp-content\/uploads\/2019\/09\/Lisas_Lieblingsleckereien_Blog_Food_Kochen_Logo_trenner-768x81.png 768w, https:\/\/www.lieblings-lisa.de\/wp-content\/uploads\/2019\/09\/Lisas_Lieblingsleckereien_Blog_Food_Kochen_Logo_trenner-800x85.png 800w, https:\/\/www.lieblings-lisa.de\/wp-content\/uploads\/2019\/09\/Lisas_Lieblingsleckereien_Blog_Food_Kochen_Logo_trenner-1024x108.png 1024w, https:\/\/www.lieblings-lisa.de\/wp-content\/uploads\/2019\/09\/Lisas_Lieblingsleckereien_Blog_Food_Kochen_Logo_trenner.png 1049w\" data-sizes=\"auto\" \/><\/section><section id=\"text-3\" class=\"widget widget_text\">\t\t\t<div class=\"textwidget\"><p>[instagram-feed]<\/p>\n<\/div>\n\t\t<\/section><div class=\"fusion-additional-widget-content\"><\/div><\/div><div class=\"fusion-clearfix\"><\/div><\/div><\/div><\/div><\/div><div class=\"fusion-fullwidth fullwidth-box fusion-builder-row-4 no-print nonhundred-percent-fullwidth non-hundred-percent-height-scrolling\" style=\"--awb-border-radius-top-left:0px;--awb-border-radius-top-right:0px;--awb-border-radius-bottom-right:0px;--awb-border-radius-bottom-left:0px;--awb-margin-top:30px;--awb-flex-wrap:wrap;\" ><div class=\"fusion-builder-row fusion-row\"><div class=\"fusion-layout-column fusion_builder_column fusion-builder-column-5 fusion_builder_column_1_1 1_1 fusion-one-full fusion-column-first fusion-column-last fusion-animated\" style=\"--awb-bg-size:cover;\" data-animationType=\"rubberBand\" data-animationDuration=\"0.5\" data-animationOffset=\"top-into-view\"><div class=\"fusion-column-wrapper fusion-column-has-shadow fusion-flex-column-wrapper-legacy\"><div class=\"fusion-image-element fusion-image-align-center in-legacy-container\" style=\"text-align:center;--awb-max-width:525px;--awb-caption-title-font-family:var(--h2_typography-font-family);--awb-caption-title-font-weight:var(--h2_typography-font-weight);--awb-caption-title-font-style:var(--h2_typography-font-style);--awb-caption-title-size:var(--h2_typography-font-size);--awb-caption-title-transform:var(--h2_typography-text-transform);--awb-caption-title-line-height:var(--h2_typography-line-height);--awb-caption-title-letter-spacing:var(--h2_typography-letter-spacing);\"><div class=\"imageframe-align-center\"><span class=\" fusion-imageframe imageframe-none imageframe-6 hover-type-none fusion-animated\" data-animationType=\"rubberBand\" data-animationDuration=\"1.0\" data-animationOffset=\"top-into-view\"><img decoding=\"async\" width=\"1024\" height=\"108\" title=\"Lisas_Lieblingsleckereien_Blog_Food_Kochen_Logo_trenner\" src=\"https:\/\/www.lieblings-lisa.de\/wp-content\/uploads\/2019\/09\/Lisas_Lieblingsleckereien_Blog_Food_Kochen_Logo_trenner.png\" data-orig-src=\"https:\/\/www.lieblings-lisa.de\/wp-content\/uploads\/2019\/09\/Lisas_Lieblingsleckereien_Blog_Food_Kochen_Logo_trenner-1024x108.png\" alt class=\"lazyload img-responsive wp-image-744\" srcset=\"data:image\/svg+xml,%3Csvg%20xmlns%3D%27http%3A%2F%2Fwww.w3.org%2F2000%2Fsvg%27%20width%3D%271049%27%20height%3D%27111%27%20viewBox%3D%270%200%201049%20111%27%3E%3Crect%20width%3D%271049%27%20height%3D%27111%27%20fill-opacity%3D%220%22%2F%3E%3C%2Fsvg%3E\" data-srcset=\"https:\/\/www.lieblings-lisa.de\/wp-content\/uploads\/2019\/09\/Lisas_Lieblingsleckereien_Blog_Food_Kochen_Logo_trenner-200x21.png 200w, https:\/\/www.lieblings-lisa.de\/wp-content\/uploads\/2019\/09\/Lisas_Lieblingsleckereien_Blog_Food_Kochen_Logo_trenner-400x42.png 400w, https:\/\/www.lieblings-lisa.de\/wp-content\/uploads\/2019\/09\/Lisas_Lieblingsleckereien_Blog_Food_Kochen_Logo_trenner-600x63.png 600w, https:\/\/www.lieblings-lisa.de\/wp-content\/uploads\/2019\/09\/Lisas_Lieblingsleckereien_Blog_Food_Kochen_Logo_trenner-800x85.png 800w, https:\/\/www.lieblings-lisa.de\/wp-content\/uploads\/2019\/09\/Lisas_Lieblingsleckereien_Blog_Food_Kochen_Logo_trenner.png 1049w\" data-sizes=\"auto\" data-orig-sizes=\"(max-width: 800px) 100vw, 1024px\" \/><\/span><\/div><\/div><div class=\"fusion-text fusion-text-6\"><h6 style=\"text-align: center;\"><span style=\"color: #dd85ba;\">Zutaten<\/span><\/h6>\n<\/div><div class=\"fusion-clearfix\"><\/div><\/div><\/div><\/div><\/div><div class=\"fusion-fullwidth fullwidth-box fusion-builder-row-5 nonhundred-percent-fullwidth non-hundred-percent-height-scrolling\" style=\"--awb-border-radius-top-left:0px;--awb-border-radius-top-right:0px;--awb-border-radius-bottom-right:0px;--awb-border-radius-bottom-left:0px;--awb-padding-top:5%;--awb-padding-right:5%;--awb-padding-bottom:5%;--awb-padding-left:5%;--awb-background-color:#f6f6f6;--awb-flex-wrap:wrap;\" ><div class=\"fusion-builder-row fusion-row\"><div class=\"fusion-layout-column fusion_builder_column fusion-builder-column-6 fusion_builder_column_1_2 1_2 fusion-one-half fusion-column-first fusion-animated\" style=\"--awb-bg-size:cover;--awb-margin-bottom:30px;width:50%;width:calc(50% - ( ( 4% ) * 0.5 ) );margin-right: 4%;\" data-animationType=\"slideInLeft\" data-animationDuration=\"0.3\" data-animationOffset=\"top-into-view\"><div class=\"fusion-column-wrapper fusion-column-has-shadow fusion-flex-column-wrapper-legacy\"><div class=\"fusion-title title fusion-title-1 fusion-sep-none fusion-title-text fusion-title-size-one\" style=\"--awb-text-color:#333333;--awb-font-size:40px;\"><h1 class=\"fusion-title-heading title-heading-left fusion-responsive-typography-calculated\" style=\"margin:0;font-size:1em;--fontSize:40;line-height:1;\">Zutaten f\u00fcr das Bananenbrot<\/h1><\/div><ul style=\"--awb-line-height:25.5px;--awb-icon-width:25.5px;--awb-icon-height:25.5px;--awb-icon-margin:10.5px;--awb-content-margin:36px;\" class=\"fusion-checklist fusion-checklist-1 fusion-checklist-default type-icons\"><li class=\"fusion-li-item\" style=\"\"><span class=\"icon-wrapper circle-no\"><i class=\"fusion-li-icon fa-user far\" aria-hidden=\"true\"><\/i><\/span><div class=\"fusion-li-item-content\">\n<p>f\u00fcr 1 Bananenbrot<\/p>\n<\/div><\/li><li class=\"fusion-li-item\" style=\"\"><span class=\"icon-wrapper circle-no\"><i class=\"fusion-li-icon fa-clock far\" aria-hidden=\"true\"><\/i><\/span><div class=\"fusion-li-item-content\">\n<p>20 min Zubereitungszeit + 50-60 min Backzeit<\/p>\n<\/div><\/li><li class=\"fusion-li-item\" style=\"\"><span class=\"icon-wrapper circle-no\"><i class=\"fusion-li-icon fa-seedling fas\" aria-hidden=\"true\"><\/i><\/span><div class=\"fusion-li-item-content\">\n<p>vegan<\/p>\n<\/div><\/li><\/ul><div class=\"fusion-clearfix\"><\/div><\/div><\/div><div class=\"fusion-layout-column fusion_builder_column fusion-builder-column-7 fusion_builder_column_1_2 1_2 fusion-one-half fusion-column-last no-print fusion-animated\" style=\"--awb-bg-size:cover;--awb-margin-bottom:30px;width:50%;width:calc(50% - ( ( 4% ) * 0.5 ) );\" data-animationType=\"slideInRight\" data-animationDuration=\"0.4\" data-animationOffset=\"top-into-view\"><div class=\"fusion-column-wrapper fusion-column-has-shadow fusion-flex-column-wrapper-legacy\"><div class=\"fusion-text fusion-text-7\"><p style=\"text-align: right;\">[bws_pdfprint display=&#8217;print&#8216;]<\/p>\n<\/div><div class=\"fusion-clearfix\"><\/div><\/div><\/div><div class=\"fusion-layout-column fusion_builder_column fusion-builder-column-8 fusion_builder_column_1_3 1_3 fusion-one-third fusion-column-first fusion-animated\" style=\"--awb-padding-top:30px;--awb-padding-right:30px;--awb-padding-bottom:30px;--awb-padding-left:30px;--awb-bg-color:#ffffff;--awb-bg-color-hover:#ffffff;--awb-bg-repeat:repeat-y;--awb-box-shadow:2px 2px 5px 0px rgba(0,0,0,0.25);;width:33.333333333333%;width:calc(33.333333333333% - ( ( 4% ) * 0.33333333333333 ) );margin-right: 4%;\" data-animationType=\"slideInLeft\" data-animationDuration=\"0.3\" data-animationOffset=\"top-into-view\"><div class=\"fusion-column-wrapper fusion-column-has-shadow fusion-flex-column-wrapper-legacy\"><div class=\"fusion-title title fusion-title-2 fusion-sep-none fusion-title-text fusion-title-size-one\" style=\"--awb-text-color:#333333;--awb-font-size:30px;\"><h1 class=\"fusion-title-heading title-heading-left fusion-responsive-typography-calculated\" style=\"margin:0;font-size:1em;--fontSize:30;line-height:1;\">Zutatenliste<\/p><\/h1><\/div><div class=\"fusion-text fusion-text-8\"><p>2 EL Chia-Samen + 6 EL Wasser<br \/>\n100 g Soft-Datteln<br \/>\n200 ml pflanzliche Milch<br \/>\n3 Bananen + 1 \u201cDeko\u201d-Banane<br \/>\n60 g Nussmus<br \/>\netwas Vanilleextrakt<br \/>\netwas Zimt<br \/>\n1 EL Apfelessig<\/p>\n<p>250 g Vollkornmehl<br \/>\n2 TL Backpulver<br \/>\n1 TL Natron<\/p>\n<\/div><div class=\"fusion-clearfix\"><\/div><\/div><\/div><div class=\"fusion-layout-column fusion_builder_column fusion-builder-column-9 fusion_builder_column_2_3 2_3 fusion-two-third fusion-column-last fusion-animated\" style=\"--awb-bg-position:right top;--awb-bg-repeat:repeat-y;--awb-margin-top:30px;width:66.666666666667%;width:calc(66.666666666667% - ( ( 4% ) * 0.66666666666667 ) );\" data-animationType=\"slideInRight\" data-animationDuration=\"0.3\" data-animationOffset=\"top-into-view\"><div class=\"fusion-column-wrapper fusion-column-has-shadow fusion-flex-column-wrapper-legacy\"><div class=\"fusion-title title fusion-title-3 fusion-sep-none fusion-title-text fusion-title-size-one\" style=\"--awb-text-color:#333333;--awb-font-size:30px;\"><h1 class=\"fusion-title-heading title-heading-left fusion-responsive-typography-calculated\" style=\"margin:0;font-size:1em;--fontSize:30;line-height:1;\">Zubereitung<\/h1><\/div><div class=\"fusion-text fusion-text-9\"><ol>\n<li>Den Ofen auf <strong>175 Grad, Umluft vorheizen<\/strong>.<\/li>\n<li>Die Chia-Samen mit dem Wasser vermengen, zur Seite stellen und Quellen lassen.<\/li>\n<li>Die Datteln mit der pflanzlichen Milch in einem Mixer\/Multizerkleinerer p\u00fcrieren, bis eine Art Paste entsteht.<\/li>\n<li>Die drei Bananen mit einer Gabel ordentlich zerdr\u00fccken. Das Nussmus, etwas Vanilleextrakt und Zimt hinzuf\u00fcgen und vermengen.<\/li>\n<li>Danach die Dattel-Milch-Mischung und die Chia-Samen untermengen. Zum Schluss den Essl\u00f6ffel Apfelessig hinzugeben.<\/li>\n<li>Nun das Mehl mit dem Backpulver und dem Natron vermengen. Und diese Mischung langsam zu den feuchten Zutaten geben und vorsichtig untermengen. Je nach Konsistenz kann es sein, dass ihr vielleicht noch einen kleinen Schluck Milch braucht. Wirklich nur so lange vermengen, bis alles vermischt ist! Wenn ihr dies zu lange macht, leider die Fluffigkeit des Teiges.<\/li>\n<li>Den Teig in eine Kastenform f\u00fcllen. Die vierte Banane halbieren und auf das Bananenbrot legen und leicht andr\u00fccken.<\/li>\n<li>Das Brot f\u00fcr etwa<strong> 50-60 Minuten<\/strong> in den Ofen geben. Mit der St\u00e4bchenprobe testen, ob es durchgebacken ist. Falls ja aus dem Ofen nehmen und abk\u00fchlen lassen. Danach k\u00f6nnt ihr es gen\u00fcsslich verspeisen!<\/li>\n<\/ol>\n<\/div><div class=\"fusion-clearfix\"><\/div><\/div><\/div><div class=\"fusion-layout-column fusion_builder_column fusion-builder-column-10 fusion_builder_column_1_1 1_1 fusion-one-full fusion-column-first fusion-column-last fusion-animated\" style=\"--awb-padding-top:30px;--awb-bg-size:cover;\" data-animationType=\"slideInLeft\" data-animationDuration=\"0.3\" data-animationOffset=\"top-into-view\"><div class=\"fusion-column-wrapper fusion-column-has-shadow fusion-flex-column-wrapper-legacy\"><div class=\"fusion-text fusion-text-10\"><p>Bewerte Dein Essen<\/p>\n<p>[caldera_form id=&#8220;CF5e0d208ee9539&#8243;]<\/p>\n<\/div><div class=\"fusion-clearfix\"><\/div><\/div><\/div><\/div><\/div><div class=\"fusion-fullwidth fullwidth-box fusion-builder-row-6 no-print nonhundred-percent-fullwidth non-hundred-percent-height-scrolling\" style=\"--awb-border-radius-top-left:0px;--awb-border-radius-top-right:0px;--awb-border-radius-bottom-right:0px;--awb-border-radius-bottom-left:0px;--awb-margin-top:30px;--awb-margin-bottom:30px;--awb-flex-wrap:wrap;\" ><div class=\"fusion-builder-row fusion-row\"><div class=\"fusion-layout-column fusion_builder_column fusion-builder-column-11 fusion_builder_column_1_1 1_1 fusion-one-full fusion-column-first fusion-column-last fusion-animated\" style=\"--awb-bg-size:cover;\" data-animationType=\"slideInUp\" data-animationDuration=\"0.3\" data-animationOffset=\"top-into-view\"><div class=\"fusion-column-wrapper fusion-column-has-shadow fusion-flex-column-wrapper-legacy\"><div class=\"fusion-aligncenter\"><a class=\"fusion-button button-flat fusion-button-default-size button-default fusion-button-default button-1 fusion-button-default-span fusion-button-default-type\" target=\"_self\" href=\"\/rezepte\"><span class=\"fusion-button-text awb-button__text awb-button__text--default\">Mehr Rezepte<\/span><\/a><\/div><div class=\"fusion-clearfix\"><\/div><\/div><\/div><\/div><\/div><div class=\"fusion-fullwidth fullwidth-box fusion-builder-row-7 no-print nonhundred-percent-fullwidth non-hundred-percent-height-scrolling\" style=\"--awb-border-radius-top-left:0px;--awb-border-radius-top-right:0px;--awb-border-radius-bottom-right:0px;--awb-border-radius-bottom-left:0px;--awb-padding-top:30px;--awb-flex-wrap:wrap;\" ><div class=\"fusion-builder-row fusion-row\"><div class=\"fusion-layout-column fusion_builder_column fusion-builder-column-12 fusion_builder_column_1_1 1_1 fusion-one-full fusion-column-first fusion-column-last fusion-animated\" style=\"--awb-bg-size:cover;\" data-animationType=\"slideInLeft\" data-animationDuration=\"0.3\" data-animationOffset=\"top-into-view\"><div class=\"fusion-column-wrapper fusion-column-has-shadow fusion-flex-column-wrapper-legacy\"><div class=\"fusion-text fusion-text-11\"><p><img decoding=\"async\" class=\"lazyload rundes-bild alignleft wp-image-781 size-thumbnail\" src=\"https:\/\/www.lieblings-lisa.de\/wp-content\/uploads\/2019\/09\/Lisas_Lieblingsleckereien_Blog_Food_Kochen_Lisa-Portrait-150x150.jpg\" data-orig-src=\"https:\/\/www.lieblings-lisa.de\/wp-content\/uploads\/2019\/09\/Lisas_Lieblingsleckereien_Blog_Food_Kochen_Lisa-Portrait-150x150.jpg\" alt=\"\" width=\"150\" height=\"150\" srcset=\"data:image\/svg+xml,%3Csvg%20xmlns%3D%27http%3A%2F%2Fwww.w3.org%2F2000%2Fsvg%27%20width%3D%27150%27%20height%3D%27150%27%20viewBox%3D%270%200%20150%20150%27%3E%3Crect%20width%3D%27150%27%20height%3D%27150%27%20fill-opacity%3D%220%22%2F%3E%3C%2Fsvg%3E\" data-srcset=\"https:\/\/www.lieblings-lisa.de\/wp-content\/uploads\/2019\/09\/Lisas_Lieblingsleckereien_Blog_Food_Kochen_Lisa-Portrait-66x66.jpg 66w, https:\/\/www.lieblings-lisa.de\/wp-content\/uploads\/2019\/09\/Lisas_Lieblingsleckereien_Blog_Food_Kochen_Lisa-Portrait-150x150.jpg 150w, https:\/\/www.lieblings-lisa.de\/wp-content\/uploads\/2019\/09\/Lisas_Lieblingsleckereien_Blog_Food_Kochen_Lisa-Portrait-200x200.jpg 200w, https:\/\/www.lieblings-lisa.de\/wp-content\/uploads\/2019\/09\/Lisas_Lieblingsleckereien_Blog_Food_Kochen_Lisa-Portrait-300x300.jpg 300w, https:\/\/www.lieblings-lisa.de\/wp-content\/uploads\/2019\/09\/Lisas_Lieblingsleckereien_Blog_Food_Kochen_Lisa-Portrait-400x400.jpg 400w, https:\/\/www.lieblings-lisa.de\/wp-content\/uploads\/2019\/09\/Lisas_Lieblingsleckereien_Blog_Food_Kochen_Lisa-Portrait-500x500.jpg 500w, https:\/\/www.lieblings-lisa.de\/wp-content\/uploads\/2019\/09\/Lisas_Lieblingsleckereien_Blog_Food_Kochen_Lisa-Portrait-600x600.jpg 600w, https:\/\/www.lieblings-lisa.de\/wp-content\/uploads\/2019\/09\/Lisas_Lieblingsleckereien_Blog_Food_Kochen_Lisa-Portrait-768x768.jpg 768w, https:\/\/www.lieblings-lisa.de\/wp-content\/uploads\/2019\/09\/Lisas_Lieblingsleckereien_Blog_Food_Kochen_Lisa-Portrait-800x800.jpg 800w, https:\/\/www.lieblings-lisa.de\/wp-content\/uploads\/2019\/09\/Lisas_Lieblingsleckereien_Blog_Food_Kochen_Lisa-Portrait.jpg 892w\" data-sizes=\"auto\" data-orig-sizes=\"(max-width: 150px) 100vw, 150px\" \/>Ich bin Lisa, ein leidenschaftlicher &#8222;Foodie&#8220;. Egal ob kochen oder backen, ich liebe es, neue Rezepte auszuprobieren und zu fotografieren. Meine Lieblingsrezepte entdecke ich dabei in B\u00fcchern, in Zeitschriften, im Internet oder auf Reisen.<\/p>\n<\/div><div class=\"fusion-clearfix\"><\/div><\/div><\/div><\/div><\/div><div class=\"fusion-fullwidth fullwidth-box fusion-builder-row-8 no-print nonhundred-percent-fullwidth non-hundred-percent-height-scrolling\" style=\"--awb-border-radius-top-left:0px;--awb-border-radius-top-right:0px;--awb-border-radius-bottom-right:0px;--awb-border-radius-bottom-left:0px;--awb-margin-top:30px;--awb-flex-wrap:wrap;\" ><div class=\"fusion-builder-row fusion-row\"><div class=\"fusion-layout-column fusion_builder_column fusion-builder-column-13 fusion_builder_column_1_1 1_1 fusion-one-full fusion-column-first fusion-column-last fusion-animated\" style=\"--awb-bg-size:cover;\" data-animationType=\"rubberBand\" data-animationDuration=\"0.5\" data-animationOffset=\"top-into-view\"><div class=\"fusion-column-wrapper fusion-column-has-shadow fusion-flex-column-wrapper-legacy\"><div class=\"fusion-image-element fusion-image-align-center in-legacy-container\" style=\"text-align:center;--awb-max-width:525px;--awb-caption-title-font-family:var(--h2_typography-font-family);--awb-caption-title-font-weight:var(--h2_typography-font-weight);--awb-caption-title-font-style:var(--h2_typography-font-style);--awb-caption-title-size:var(--h2_typography-font-size);--awb-caption-title-transform:var(--h2_typography-text-transform);--awb-caption-title-line-height:var(--h2_typography-line-height);--awb-caption-title-letter-spacing:var(--h2_typography-letter-spacing);\"><div class=\"imageframe-align-center\"><span class=\" fusion-imageframe imageframe-none imageframe-7 hover-type-none fusion-animated\" data-animationType=\"rubberBand\" data-animationDuration=\"1.0\" data-animationOffset=\"top-into-view\"><img decoding=\"async\" width=\"1024\" height=\"108\" title=\"Lisas_Lieblingsleckereien_Blog_Food_Kochen_Logo_trenner\" src=\"https:\/\/www.lieblings-lisa.de\/wp-content\/uploads\/2019\/09\/Lisas_Lieblingsleckereien_Blog_Food_Kochen_Logo_trenner.png\" data-orig-src=\"https:\/\/www.lieblings-lisa.de\/wp-content\/uploads\/2019\/09\/Lisas_Lieblingsleckereien_Blog_Food_Kochen_Logo_trenner-1024x108.png\" alt class=\"lazyload img-responsive wp-image-744\" srcset=\"data:image\/svg+xml,%3Csvg%20xmlns%3D%27http%3A%2F%2Fwww.w3.org%2F2000%2Fsvg%27%20width%3D%271049%27%20height%3D%27111%27%20viewBox%3D%270%200%201049%20111%27%3E%3Crect%20width%3D%271049%27%20height%3D%27111%27%20fill-opacity%3D%220%22%2F%3E%3C%2Fsvg%3E\" data-srcset=\"https:\/\/www.lieblings-lisa.de\/wp-content\/uploads\/2019\/09\/Lisas_Lieblingsleckereien_Blog_Food_Kochen_Logo_trenner-200x21.png 200w, https:\/\/www.lieblings-lisa.de\/wp-content\/uploads\/2019\/09\/Lisas_Lieblingsleckereien_Blog_Food_Kochen_Logo_trenner-400x42.png 400w, https:\/\/www.lieblings-lisa.de\/wp-content\/uploads\/2019\/09\/Lisas_Lieblingsleckereien_Blog_Food_Kochen_Logo_trenner-600x63.png 600w, https:\/\/www.lieblings-lisa.de\/wp-content\/uploads\/2019\/09\/Lisas_Lieblingsleckereien_Blog_Food_Kochen_Logo_trenner-800x85.png 800w, https:\/\/www.lieblings-lisa.de\/wp-content\/uploads\/2019\/09\/Lisas_Lieblingsleckereien_Blog_Food_Kochen_Logo_trenner.png 1049w\" data-sizes=\"auto\" data-orig-sizes=\"(max-width: 800px) 100vw, 1024px\" \/><\/span><\/div><\/div><div class=\"fusion-text fusion-text-12\"><h6 style=\"text-align: center;\"><span style=\"color: #dd85ba;\">Weitere interessante Rezepte<br \/>\n<\/span><\/h6>\n<\/div><div class=\"fusion-clearfix\"><\/div><\/div><\/div><\/div><\/div><div class=\"fusion-fullwidth fullwidth-box fusion-builder-row-9 no-print nonhundred-percent-fullwidth non-hundred-percent-height-scrolling\" style=\"--awb-border-radius-top-left:0px;--awb-border-radius-top-right:0px;--awb-border-radius-bottom-right:0px;--awb-border-radius-bottom-left:0px;--awb-flex-wrap:wrap;\" ><div class=\"fusion-builder-row fusion-row\"><div class=\"fusion-layout-column fusion_builder_column fusion-builder-column-14 fusion_builder_column_1_1 1_1 fusion-one-full fusion-column-first fusion-column-last fusion-animated\" style=\"--awb-bg-size:cover;\" data-animationType=\"slideInUp\" data-animationDuration=\"0.3\" data-animationOffset=\"top-into-view\"><div class=\"fusion-column-wrapper fusion-column-has-shadow fusion-flex-column-wrapper-legacy\"><div class=\"fusion-blog-shortcode fusion-blog-shortcode-1 fusion-blog-archive fusion-blog-layout-grid-wrapper fusion-blog-no fusion-blog-layout-left\"><style type=\"text\/css\">.fusion-blog-shortcode-1 .fusion-blog-layout-grid .fusion-post-grid{padding:13.5px;}.fusion-blog-shortcode-1 .fusion-posts-container{margin-left: -13.5px !important; margin-right:-13.5px !important;}<\/style><div class=\"fusion-posts-container fusion-posts-container-no fusion-no-meta-info fusion-blog-rollover fusion-blog-layout-grid fusion-blog-layout-grid-2 isotope fusion-blog-equal-heights\" data-pages=\"45\" data-grid-col-space=\"27\" style=\"margin: -13.5px -13.5px 0;min-height:500px;\"><article id=\"blog-1-post-2326\" class=\"fusion-post-grid post-2326 post type-post status-publish format-standard has-post-thumbnail hentry category-trinkbares tag-getraenk tag-latte tag-rote-beete tag-warm\">\n<div class=\"fusion-post-wrapper\" style=\"background-color:rgba(242,242,242,1);border:none;\">\n\n\t\t\t<div class=\"fusion-flexslider flexslider fusion-flexslider-loading fusion-post-slideshow\" style=\"border-color:rgba(235,234,234,0);\">\n\t\t<ul class=\"slides\">\n\t\t\t\n\t\t\t\t\t\t\t\t\t\t\t\t\t\t<li><div  class=\"fusion-image-wrapper\" aria-haspopup=\"true\">\n\t\t\t\t<img decoding=\"async\" width=\"1708\" height=\"1280\" src=\"https:\/\/www.lieblings-lisa.de\/wp-content\/uploads\/2021\/01\/AA-2n-1-scaled-e1610484777271.jpg\" class=\"attachment-full size-full lazyload wp-post-image\" alt=\"\" srcset=\"data:image\/svg+xml,%3Csvg%20xmlns%3D%27http%3A%2F%2Fwww.w3.org%2F2000%2Fsvg%27%20width%3D%271708%27%20height%3D%271280%27%20viewBox%3D%270%200%201708%201280%27%3E%3Crect%20width%3D%271708%27%20height%3D%271280%27%20fill-opacity%3D%220%22%2F%3E%3C%2Fsvg%3E\" data-orig-src=\"https:\/\/www.lieblings-lisa.de\/wp-content\/uploads\/2021\/01\/AA-2n-1-scaled-e1610484777271.jpg\" data-srcset=\"https:\/\/www.lieblings-lisa.de\/wp-content\/uploads\/2021\/01\/AA-2n-1-scaled-e1610484777271-200x150.jpg 200w, https:\/\/www.lieblings-lisa.de\/wp-content\/uploads\/2021\/01\/AA-2n-1-scaled-e1610484777271-400x300.jpg 400w, https:\/\/www.lieblings-lisa.de\/wp-content\/uploads\/2021\/01\/AA-2n-1-scaled-e1610484777271-600x450.jpg 600w, https:\/\/www.lieblings-lisa.de\/wp-content\/uploads\/2021\/01\/AA-2n-1-scaled-e1610484777271-800x600.jpg 800w, https:\/\/www.lieblings-lisa.de\/wp-content\/uploads\/2021\/01\/AA-2n-1-scaled-e1610484777271-1200x899.jpg 1200w, https:\/\/www.lieblings-lisa.de\/wp-content\/uploads\/2021\/01\/AA-2n-1-scaled-e1610484777271.jpg 1708w\" data-sizes=\"auto\" \/><div class=\"fusion-rollover\">\n\t<div class=\"fusion-rollover-content\">\n\n\t\t\t\t\t\t\t\t\t\t\n\t\t\t\t\t\t\t\t\t\t\t\t\t\t\n\t\t\t\t\t\t\t\t\n\t\t\t\t\t\t\t\t\n\t\t\t\t\t\t\t\t\t\t\t\t\t\t\t\t\t\t<a class=\"fusion-rollover-gallery\" href=\"https:\/\/www.lieblings-lisa.de\/wp-content\/uploads\/2021\/01\/AA-2n-1-scaled-e1610484777271.jpg\" data-options=\"\" data-id=\"2326\" data-rel=\"iLightbox[gallery]\" data-title=\"AA (2)n\" data-caption=\"\">\n\t\t\t\t\t\tGallerie\t\t\t\t\t<\/a>\n\t\t\t\t\t\t\t\t\t\t\t\t\t\t\n\t\t\n\t\t\t\t\t\t\t\t\t\t\t\t<h4 class=\"fusion-rollover-title\">\n\t\t\t\t\t<a class=\"fusion-rollover-title-link\" href=\"https:\/\/www.lieblings-lisa.de\/?p=2326\">\n\t\t\t\t\t\tLisa&#8217;s Rote Beete Latte\t\t\t\t\t<\/a>\n\t\t\t\t<\/h4>\n\t\t\t\n\t\t\t\t\t\t\t\t\t\t<div class=\"fusion-rollover-categories\"><a href=\"https:\/\/www.lieblings-lisa.de\/?cat=73\" rel=\"tag\">Trinkbares<\/a><\/div>\t\t\t\t\t\n\t\t\n\t\t\t\t\t\t<a class=\"fusion-link-wrapper\" href=\"https:\/\/www.lieblings-lisa.de\/?p=2326\" aria-label=\"Lisa&#8217;s Rote Beete Latte\"><\/a>\n\t<\/div>\n<\/div>\n<\/div>\n<\/li>\n\t\t\t\n\t\t\t\n\t\t\t\t\t\t\t\t\t\t\t\t\t\t\t\t\t\t\t\t\t\t\t\t\t\t\t\t\t\t\t\t\t\t\t\t\t\t\t\t\t\t\t\t\t\t\t\t\t\t\t\t\t\t\t\t\t\t\t\t\t\t\t\t\t\t\t\t<\/ul>\n\t<\/div>\n\t<div class=\"fusion-post-content-wrapper\" style=\"padding:30px 25px 20px 25px; display:none;\"><div class=\"fusion-post-content post-content\"><\/div><\/div><div class=\"fusion-clearfix\"><\/div><\/div>\n<\/article>\n<article id=\"blog-1-post-1491\" class=\"fusion-post-grid post-1491 post type-post status-publish format-standard has-post-thumbnail hentry category-salate-suppen tag-apfel tag-feldsalat tag-salat\">\n<div class=\"fusion-post-wrapper\" style=\"background-color:rgba(242,242,242,1);border:none;\">\n\n\t\t\t<div class=\"fusion-flexslider flexslider fusion-flexslider-loading fusion-post-slideshow\" style=\"border-color:rgba(235,234,234,0);\">\n\t\t<ul class=\"slides\">\n\t\t\t\n\t\t\t\t\t\t\t\t\t\t\t\t\t\t<li><div  class=\"fusion-image-wrapper\" aria-haspopup=\"true\">\n\t\t\t\t<img decoding=\"async\" width=\"1600\" height=\"1203\" src=\"data:image\/svg+xml,%3Csvg%20xmlns%3D%27http%3A%2F%2Fwww.w3.org%2F2000%2Fsvg%27%20width%3D%271600%27%20height%3D%271203%27%20viewBox%3D%270%200%201600%201203%27%3E%3Crect%20width%3D%271600%27%20height%3D%271203%27%20fill-opacity%3D%220%22%2F%3E%3C%2Fsvg%3E\" class=\"attachment-full size-full lazyload wp-post-image\" alt=\"\" data-orig-src=\"https:\/\/www.lieblings-lisa.de\/wp-content\/uploads\/2020\/05\/An-scaled-e1589203743362.jpg\" \/><div class=\"fusion-rollover\">\n\t<div class=\"fusion-rollover-content\">\n\n\t\t\t\t\t\t\t\t\t\t\n\t\t\t\t\t\t\t\t\t\t\t\t\t\t\n\t\t\t\t\t\t\t\t\n\t\t\t\t\t\t\t\t\n\t\t\t\t\t\t\t\t\t\t\t\t\t\t\t\t\t\t<a class=\"fusion-rollover-gallery\" href=\"https:\/\/www.lieblings-lisa.de\/wp-content\/uploads\/2020\/05\/An-scaled-e1589203743362.jpg\" data-options=\"\" data-id=\"1491\" data-rel=\"iLightbox[gallery]\" data-title=\"Feldsalat mit Apfel und Linsen\" data-caption=\"\">\n\t\t\t\t\t\tGallerie\t\t\t\t\t<\/a>\n\t\t\t\t\t\t\t\t\t\t\t\t\t\t\n\t\t\n\t\t\t\t\t\t\t\t\t\t\t\t<h4 class=\"fusion-rollover-title\">\n\t\t\t\t\t<a class=\"fusion-rollover-title-link\" href=\"https:\/\/www.lieblings-lisa.de\/?p=1491\">\n\t\t\t\t\t\tFeldsalat mit Linsen, Apfel und Feta\t\t\t\t\t<\/a>\n\t\t\t\t<\/h4>\n\t\t\t\n\t\t\t\t\t\t\t\t\t\t<div class=\"fusion-rollover-categories\"><a href=\"https:\/\/www.lieblings-lisa.de\/?cat=38\" rel=\"tag\">Salate &amp; Suppen<\/a><\/div>\t\t\t\t\t\n\t\t\n\t\t\t\t\t\t<a class=\"fusion-link-wrapper\" href=\"https:\/\/www.lieblings-lisa.de\/?p=1491\" aria-label=\"Feldsalat mit Linsen, Apfel und Feta\"><\/a>\n\t<\/div>\n<\/div>\n<\/div>\n<\/li>\n\t\t\t\n\t\t\t\n\t\t\t\t\t\t\t\t\t\t\t\t\t\t\t\t\t\t\t\t\t\t\t\t\t\t\t\t\t\t\t\t\t\t\t\t\t\t\t\t\t\t\t\t\t\t\t\t\t\t\t\t\t\t\t\t\t\t\t\t\t\t\t\t\t\t\t\t<\/ul>\n\t<\/div>\n\t<div class=\"fusion-post-content-wrapper\" style=\"padding:30px 25px 20px 25px; display:none;\"><div class=\"fusion-post-content post-content\"><\/div><\/div><div class=\"fusion-clearfix\"><\/div><\/div>\n<\/article>\n<div class=\"fusion-clearfix\"><\/div><\/div><\/div><div class=\"fusion-clearfix\"><\/div><\/div><\/div><\/div><\/div><div class=\"fusion-fullwidth fullwidth-box fusion-builder-row-10 no-print nonhundred-percent-fullwidth non-hundred-percent-height-scrolling\" style=\"--awb-border-radius-top-left:0px;--awb-border-radius-top-right:0px;--awb-border-radius-bottom-right:0px;--awb-border-radius-bottom-left:0px;--awb-flex-wrap:wrap;\" ><div class=\"fusion-builder-row fusion-row\"><div class=\"fusion-layout-column fusion_builder_column fusion-builder-column-15 fusion_builder_column_1_1 1_1 fusion-one-full fusion-column-first fusion-column-last fusion-animated\" style=\"--awb-bg-size:cover;\" data-animationType=\"slideInLeft\" data-animationDuration=\"0.3\" data-animationOffset=\"top-into-view\"><div class=\"fusion-column-wrapper fusion-column-has-shadow fusion-flex-column-wrapper-legacy\"><div class=\"fusion-sharing-box fusion-sharing-box-1 has-taglines layout-floated layout-medium-floated layout-small-floated\" style=\"background-color:#f6f6f6;--awb-layout:row;--awb-alignment-small:space-between;\" data-title=\"Feldsalat mit Linsen, Apfel und Feta\" data-description=\"Zubereitung   \r\n\u201eIch hab Hunger.\u201c\r\n\u201eIm K\u00fchlschrank ist Salat.\u201c\r\n\u201eSuper, dann bin ich mal drau\u00dfen, um etwas Essbares damit anzulocken.\u201c \r\n\r\nJa, der gute alte Salat muss so einige Witze \u00fcber sich ergehen lassen. F\u00fcr viele ist er geschmacklos, langweilig und das typische \u201eDi\u00e4tessen\u201c. Doch,\" data-link=\"https:\/\/www.lieblings-lisa.de\/?p=1491\"><h4 class=\"tagline\" style=\"color:#333333;\">Teile Dein Essen :<\/h4><div class=\"fusion-social-networks sharingbox-shortcode-icon-wrapper sharingbox-shortcode-icon-wrapper-1\"><span><a href=\"https:\/\/www.facebook.com\/sharer.php?u=https%3A%2F%2Fwww.lieblings-lisa.de%2F%3Fp%3D1491&amp;t=Feldsalat%20mit%20Linsen%2C%20Apfel%20und%20Feta\" target=\"_blank\" rel=\"noreferrer\" title=\"Facebook\" aria-label=\"Facebook\" data-placement=\"top\" data-toggle=\"tooltip\" data-title=\"Facebook\"><i class=\"fusion-social-network-icon fusion-tooltip fusion-facebook awb-icon-facebook\" style=\"color:#bebdbd;\" aria-hidden=\"true\"><\/i><\/a><\/span><span><a href=\"https:\/\/x.com\/intent\/post?text=Feldsalat%20mit%20Linsen%2C%20Apfel%20und%20Feta&amp;url=https%3A%2F%2Fwww.lieblings-lisa.de%2F%3Fp%3D1491\" target=\"_blank\" rel=\"noopener noreferrer\" title=\"X\" aria-label=\"X\" data-placement=\"top\" data-toggle=\"tooltip\" data-title=\"X\"><i class=\"fusion-social-network-icon fusion-tooltip fusion-twitter awb-icon-twitter\" style=\"color:#bebdbd;\" aria-hidden=\"true\"><\/i><\/a><\/span><span><a href=\"https:\/\/reddit.com\/submit?url=https%3A%2F%2Fwww.lieblings-lisa.de%2F%3Fp%3D1491&amp;title=Feldsalat%20mit%20Linsen%2C%20Apfel%20und%20Feta\" target=\"_blank\" rel=\"noopener noreferrer\" title=\"Reddit\" aria-label=\"Reddit\" data-placement=\"top\" data-toggle=\"tooltip\" data-title=\"Reddit\"><i class=\"fusion-social-network-icon fusion-tooltip fusion-reddit awb-icon-reddit\" style=\"color:#bebdbd;\" aria-hidden=\"true\"><\/i><\/a><\/span><span><a href=\"https:\/\/www.linkedin.com\/shareArticle?mini=true&amp;url=https%3A%2F%2Fwww.lieblings-lisa.de%2F%3Fp%3D1491&amp;title=Feldsalat%20mit%20Linsen%2C%20Apfel%20und%20Feta&amp;summary=Zubereitung%20%20%20%20%20%0D%0A%E2%80%9EIch%20hab%20Hunger.%E2%80%9C%0D%0A%E2%80%9EIm%20K%C3%BChlschrank%20ist%20Salat.%E2%80%9C%0D%0A%E2%80%9ESuper%2C%20dann%20bin%20ich%20mal%20drau%C3%9Fen%2C%20um%20etwas%20Essbares%20damit%20anzulocken.%E2%80%9C%20%0D%0A%0D%0AJa%2C%20der%20gute%20alte%20Salat%20muss%20so%20einige%20Witze%20%C3%BCber%20sich%20ergehen%20lassen.%20F%C3%BCr%20viele%20ist%20er%20geschmacklos%2C%20langweilig%20und%20das%20typische%20%E2%80%9EDi%C3%A4tessen%E2%80%9C.%20Doch%2C\" target=\"_blank\" rel=\"noopener noreferrer\" title=\"LinkedIn\" aria-label=\"LinkedIn\" data-placement=\"top\" data-toggle=\"tooltip\" data-title=\"LinkedIn\"><i class=\"fusion-social-network-icon fusion-tooltip fusion-linkedin awb-icon-linkedin\" style=\"color:#bebdbd;\" aria-hidden=\"true\"><\/i><\/a><\/span><span><a href=\"https:\/\/api.whatsapp.com\/send?text=https%3A%2F%2Fwww.lieblings-lisa.de%2F%3Fp%3D1491\" target=\"_blank\" rel=\"noopener noreferrer\" title=\"WhatsApp\" aria-label=\"WhatsApp\" data-placement=\"top\" data-toggle=\"tooltip\" data-title=\"WhatsApp\"><i class=\"fusion-social-network-icon fusion-tooltip fusion-whatsapp awb-icon-whatsapp\" style=\"color:#bebdbd;\" aria-hidden=\"true\"><\/i><\/a><\/span><span><a href=\"https:\/\/www.tumblr.com\/share\/link?url=https%3A%2F%2Fwww.lieblings-lisa.de%2F%3Fp%3D1491&amp;name=Feldsalat%20mit%20Linsen%2C%20Apfel%20und%20Feta&amp;description=Zubereitung%20%20%20%20%20%0D%0A%E2%80%9EIch%20hab%20Hunger.%E2%80%9C%0D%0A%E2%80%9EIm%20K%C3%BChlschrank%20ist%20Salat.%E2%80%9C%0D%0A%E2%80%9ESuper%2C%20dann%20bin%20ich%20mal%20drau%C3%9Fen%2C%20um%20etwas%20Essbares%20damit%20anzulocken.%E2%80%9C%20%0D%0A%0D%0AJa%2C%20der%20gute%20alte%20Salat%20muss%20so%20einige%20Witze%20%C3%BCber%20sich%20ergehen%20lassen.%20F%C3%BCr%20viele%20ist%20er%20geschmacklos%2C%20langweilig%20und%20das%20typische%20%E2%80%9EDi%C3%A4tessen%E2%80%9C.%20Doch%2C\" target=\"_blank\" rel=\"noopener noreferrer\" title=\"Tumblr\" aria-label=\"Tumblr\" data-placement=\"top\" data-toggle=\"tooltip\" data-title=\"Tumblr\"><i class=\"fusion-social-network-icon fusion-tooltip fusion-tumblr awb-icon-tumblr\" style=\"color:#bebdbd;\" aria-hidden=\"true\"><\/i><\/a><\/span><span><a href=\"https:\/\/pinterest.com\/pin\/create\/button\/?url=https%3A%2F%2Fwww.lieblings-lisa.de%2F%3Fp%3D1491&amp;description=Zubereitung%20%20%20%20%20%0D%0A%E2%80%9EIch%20hab%20Hunger.%E2%80%9C%0D%0A%E2%80%9EIm%20K%C3%BChlschrank%20ist%20Salat.%E2%80%9C%0D%0A%E2%80%9ESuper%2C%20dann%20bin%20ich%20mal%20drau%C3%9Fen%2C%20um%20etwas%20Essbares%20damit%20anzulocken.%E2%80%9C%20%0D%0A%0D%0AJa%2C%20der%20gute%20alte%20Salat%20muss%20so%20einige%20Witze%20%C3%BCber%20sich%20ergehen%20lassen.%20F%C3%BCr%20viele%20ist%20er%20geschmacklos%2C%20langweilig%20und%20das%20typische%20%E2%80%9EDi%C3%A4tessen%E2%80%9C.%20Doch%2C&amp;media=\" target=\"_blank\" rel=\"noopener noreferrer\" title=\"Pinterest\" aria-label=\"Pinterest\" data-placement=\"top\" data-toggle=\"tooltip\" data-title=\"Pinterest\"><i class=\"fusion-social-network-icon fusion-tooltip fusion-pinterest awb-icon-pinterest\" style=\"color:#bebdbd;\" aria-hidden=\"true\"><\/i><\/a><\/span><span><a href=\"https:\/\/vkontakte.ru\/share.php?url=https%3A%2F%2Fwww.lieblings-lisa.de%2F%3Fp%3D1491&amp;title=Feldsalat%20mit%20Linsen%2C%20Apfel%20und%20Feta&amp;description=Zubereitung%20%20%20%20%20%0D%0A%E2%80%9EIch%20hab%20Hunger.%E2%80%9C%0D%0A%E2%80%9EIm%20K%C3%BChlschrank%20ist%20Salat.%E2%80%9C%0D%0A%E2%80%9ESuper%2C%20dann%20bin%20ich%20mal%20drau%C3%9Fen%2C%20um%20etwas%20Essbares%20damit%20anzulocken.%E2%80%9C%20%0D%0A%0D%0AJa%2C%20der%20gute%20alte%20Salat%20muss%20so%20einige%20Witze%20%C3%BCber%20sich%20ergehen%20lassen.%20F%C3%BCr%20viele%20ist%20er%20geschmacklos%2C%20langweilig%20und%20das%20typische%20%E2%80%9EDi%C3%A4tessen%E2%80%9C.%20Doch%2C\" target=\"_blank\" rel=\"noopener noreferrer\" title=\"Vk\" aria-label=\"Vk\" data-placement=\"top\" data-toggle=\"tooltip\" data-title=\"Vk\"><i class=\"fusion-social-network-icon fusion-tooltip fusion-vk awb-icon-vk\" style=\"color:#bebdbd;\" aria-hidden=\"true\"><\/i><\/a><\/span><span><a href=\"mailto:?subject=Feldsalat%20mit%20Linsen%2C%20Apfel%20und%20Feta&amp;body=https%3A%2F%2Fwww.lieblings-lisa.de%2F%3Fp%3D1491\" target=\"_self\" title=\"E-Mail\" aria-label=\"E-Mail\" data-placement=\"top\" data-toggle=\"tooltip\" data-title=\"E-Mail\"><i class=\"fusion-social-network-icon fusion-tooltip fusion-mail awb-icon-mail\" style=\"color:#bebdbd;\" aria-hidden=\"true\"><\/i><\/a><\/span><\/div><\/div><div class=\"fusion-clearfix\"><\/div><\/div><\/div><\/div><\/div><div class=\"fusion-fullwidth fullwidth-box fusion-builder-row-11 no-print nonhundred-percent-fullwidth non-hundred-percent-height-scrolling\" style=\"--awb-border-radius-top-left:0px;--awb-border-radius-top-right:0px;--awb-border-radius-bottom-right:0px;--awb-border-radius-bottom-left:0px;--awb-margin-top:30px;--awb-flex-wrap:wrap;\" ><div class=\"fusion-builder-row fusion-row\"><div class=\"fusion-layout-column fusion_builder_column fusion-builder-column-16 fusion_builder_column_1_1 1_1 fusion-one-full fusion-column-first fusion-column-last fusion-animated\" style=\"--awb-bg-size:cover;\" data-animationType=\"rubberBand\" data-animationDuration=\"0.5\" data-animationOffset=\"top-into-view\"><div class=\"fusion-column-wrapper fusion-column-has-shadow fusion-flex-column-wrapper-legacy\"><div class=\"fusion-image-element fusion-image-align-center in-legacy-container\" style=\"text-align:center;--awb-max-width:525px;--awb-caption-title-font-family:var(--h2_typography-font-family);--awb-caption-title-font-weight:var(--h2_typography-font-weight);--awb-caption-title-font-style:var(--h2_typography-font-style);--awb-caption-title-size:var(--h2_typography-font-size);--awb-caption-title-transform:var(--h2_typography-text-transform);--awb-caption-title-line-height:var(--h2_typography-line-height);--awb-caption-title-letter-spacing:var(--h2_typography-letter-spacing);\"><div class=\"imageframe-align-center\"><span class=\" fusion-imageframe imageframe-none imageframe-8 hover-type-none fusion-animated\" data-animationType=\"rubberBand\" data-animationDuration=\"1.0\" data-animationOffset=\"top-into-view\"><img decoding=\"async\" width=\"1024\" height=\"108\" title=\"Lisas_Lieblingsleckereien_Blog_Food_Kochen_Logo_trenner\" src=\"https:\/\/www.lieblings-lisa.de\/wp-content\/uploads\/2019\/09\/Lisas_Lieblingsleckereien_Blog_Food_Kochen_Logo_trenner.png\" data-orig-src=\"https:\/\/www.lieblings-lisa.de\/wp-content\/uploads\/2019\/09\/Lisas_Lieblingsleckereien_Blog_Food_Kochen_Logo_trenner-1024x108.png\" alt class=\"lazyload img-responsive wp-image-744\" srcset=\"data:image\/svg+xml,%3Csvg%20xmlns%3D%27http%3A%2F%2Fwww.w3.org%2F2000%2Fsvg%27%20width%3D%271049%27%20height%3D%27111%27%20viewBox%3D%270%200%201049%20111%27%3E%3Crect%20width%3D%271049%27%20height%3D%27111%27%20fill-opacity%3D%220%22%2F%3E%3C%2Fsvg%3E\" data-srcset=\"https:\/\/www.lieblings-lisa.de\/wp-content\/uploads\/2019\/09\/Lisas_Lieblingsleckereien_Blog_Food_Kochen_Logo_trenner-200x21.png 200w, https:\/\/www.lieblings-lisa.de\/wp-content\/uploads\/2019\/09\/Lisas_Lieblingsleckereien_Blog_Food_Kochen_Logo_trenner-400x42.png 400w, https:\/\/www.lieblings-lisa.de\/wp-content\/uploads\/2019\/09\/Lisas_Lieblingsleckereien_Blog_Food_Kochen_Logo_trenner-600x63.png 600w, https:\/\/www.lieblings-lisa.de\/wp-content\/uploads\/2019\/09\/Lisas_Lieblingsleckereien_Blog_Food_Kochen_Logo_trenner-800x85.png 800w, https:\/\/www.lieblings-lisa.de\/wp-content\/uploads\/2019\/09\/Lisas_Lieblingsleckereien_Blog_Food_Kochen_Logo_trenner.png 1049w\" data-sizes=\"auto\" data-orig-sizes=\"(max-width: 800px) 100vw, 1024px\" \/><\/span><\/div><\/div><div class=\"fusion-text fusion-text-13 head-six-comment\"><h6 style=\"text-align: center;\"><span style=\"color: #dd85ba;\">Platz f\u00fcr Kommentare<br \/>\n<\/span><\/h6>\n<\/div><div class=\"fusion-clearfix\"><\/div><\/div><\/div><\/div><\/div><\/p>\n","protected":false},"excerpt":{"rendered":"","protected":false},"author":2,"featured_media":2877,"comment_status":"open","ping_status":"closed","sticky":false,"template":"","format":"standard","meta":{"footnotes":""},"categories":[35],"tags":[111,187,188],"class_list":["post-2865","post","type-post","status-publish","format-standard","has-post-thumbnail","hentry","category-kuchen-torten-gebaeck","tag-banane","tag-bananenbrot","tag-kuchen"],"yoast_head":"<!-- This site is optimized with the Yoast SEO plugin v25.3.1 - https:\/\/yoast.com\/wordpress\/plugins\/seo\/ -->\n<title>Zuckerfreies und gesundes Bananenbrot - Lisas Lieblingsleckereien<\/title>\n<meta name=\"description\" content=\"Rezept f\u00fcr ein leckeres, gesundes und fluffiges Bananenbrot. Vegan, zuckerfei und mit Vollkornmehl. Perfekt zum Fr\u00fchst\u00fcck oder als gesunder Snack.\" \/>\n<meta name=\"robots\" content=\"index, follow, max-snippet:-1, max-image-preview:large, max-video-preview:-1\" \/>\n<link rel=\"canonical\" href=\"https:\/\/www.lieblings-lisa.de\/?p=2865\" \/>\n<meta property=\"og:locale\" content=\"de_DE\" \/>\n<meta property=\"og:type\" content=\"article\" \/>\n<meta property=\"og:title\" content=\"Zuckerfreies und gesundes Bananenbrot - Lisas Lieblingsleckereien\" \/>\n<meta property=\"og:description\" content=\"Rezept f\u00fcr ein leckeres, gesundes und fluffiges Bananenbrot. Vegan, zuckerfei und mit Vollkornmehl. Perfekt zum Fr\u00fchst\u00fcck oder als gesunder Snack.\" \/>\n<meta property=\"og:url\" content=\"https:\/\/www.lieblings-lisa.de\/?p=2865\" \/>\n<meta property=\"og:site_name\" content=\"Lisas Lieblingsleckereien\" \/>\n<meta property=\"article:published_time\" content=\"2021-05-31T04:45:13+00:00\" \/>\n<meta property=\"og:image\" content=\"https:\/\/www.lieblings-lisa.de\/wp-content\/uploads\/2021\/05\/Dn-scaled-e1622434809197.jpg\" \/>\n\t<meta property=\"og:image:width\" content=\"1708\" \/>\n\t<meta property=\"og:image:height\" content=\"1280\" \/>\n\t<meta property=\"og:image:type\" content=\"image\/jpeg\" \/>\n<meta name=\"author\" content=\"Lisa\" \/>\n<meta name=\"twitter:card\" content=\"summary_large_image\" \/>\n<meta name=\"twitter:label1\" content=\"Geschrieben von\" \/>\n\t<meta name=\"twitter:data1\" content=\"Lisa\" \/>\n\t<meta name=\"twitter:label2\" content=\"Gesch\u00e4tzte Lesezeit\" \/>\n\t<meta name=\"twitter:data2\" content=\"41\u00a0Minuten\" \/>\n<script type=\"application\/ld+json\" class=\"yoast-schema-graph\">{\"@context\":\"https:\/\/schema.org\",\"@graph\":[{\"@type\":\"WebPage\",\"@id\":\"https:\/\/www.lieblings-lisa.de\/?p=2865\",\"url\":\"https:\/\/www.lieblings-lisa.de\/?p=2865\",\"name\":\"Zuckerfreies und gesundes Bananenbrot - Lisas Lieblingsleckereien\",\"isPartOf\":{\"@id\":\"https:\/\/www.lieblings-lisa.de\/#website\"},\"primaryImageOfPage\":{\"@id\":\"https:\/\/www.lieblings-lisa.de\/?p=2865#primaryimage\"},\"image\":{\"@id\":\"https:\/\/www.lieblings-lisa.de\/?p=2865#primaryimage\"},\"thumbnailUrl\":\"https:\/\/www.lieblings-lisa.de\/wp-content\/uploads\/2021\/05\/Dn-scaled-e1622434809197.jpg\",\"datePublished\":\"2021-05-31T04:45:13+00:00\",\"author\":{\"@id\":\"https:\/\/www.lieblings-lisa.de\/#\/schema\/person\/a5140dc8da23124000c3aff117ec9a74\"},\"description\":\"Rezept f\u00fcr ein leckeres, gesundes und fluffiges Bananenbrot. Vegan, zuckerfei und mit Vollkornmehl. Perfekt zum Fr\u00fchst\u00fcck oder als gesunder Snack.\",\"breadcrumb\":{\"@id\":\"https:\/\/www.lieblings-lisa.de\/?p=2865#breadcrumb\"},\"inLanguage\":\"de\",\"potentialAction\":[{\"@type\":\"ReadAction\",\"target\":[\"https:\/\/www.lieblings-lisa.de\/?p=2865\"]}]},{\"@type\":\"ImageObject\",\"inLanguage\":\"de\",\"@id\":\"https:\/\/www.lieblings-lisa.de\/?p=2865#primaryimage\",\"url\":\"https:\/\/www.lieblings-lisa.de\/wp-content\/uploads\/2021\/05\/Dn-scaled-e1622434809197.jpg\",\"contentUrl\":\"https:\/\/www.lieblings-lisa.de\/wp-content\/uploads\/2021\/05\/Dn-scaled-e1622434809197.jpg\",\"width\":1708,\"height\":1280},{\"@type\":\"BreadcrumbList\",\"@id\":\"https:\/\/www.lieblings-lisa.de\/?p=2865#breadcrumb\",\"itemListElement\":[{\"@type\":\"ListItem\",\"position\":1,\"name\":\"Startseite\",\"item\":\"https:\/\/www.lieblings-lisa.de\/\"},{\"@type\":\"ListItem\",\"position\":2,\"name\":\"Zuckerfreies und gesundes Bananenbrot\"}]},{\"@type\":\"WebSite\",\"@id\":\"https:\/\/www.lieblings-lisa.de\/#website\",\"url\":\"https:\/\/www.lieblings-lisa.de\/\",\"name\":\"Lisas Lieblingsleckereien\",\"description\":\"Kulinarisches zum Nachkochen\",\"potentialAction\":[{\"@type\":\"SearchAction\",\"target\":{\"@type\":\"EntryPoint\",\"urlTemplate\":\"https:\/\/www.lieblings-lisa.de\/?s={search_term_string}\"},\"query-input\":{\"@type\":\"PropertyValueSpecification\",\"valueRequired\":true,\"valueName\":\"search_term_string\"}}],\"inLanguage\":\"de\"},{\"@type\":\"Person\",\"@id\":\"https:\/\/www.lieblings-lisa.de\/#\/schema\/person\/a5140dc8da23124000c3aff117ec9a74\",\"name\":\"Lisa\",\"image\":{\"@type\":\"ImageObject\",\"inLanguage\":\"de\",\"@id\":\"https:\/\/www.lieblings-lisa.de\/#\/schema\/person\/image\/\",\"url\":\"https:\/\/secure.gravatar.com\/avatar\/41f568d2c706fabbda1b04e6ae16862ccf6d8613cf0ca8a2486576eb0bf32b83?s=96&d=mm&r=g\",\"contentUrl\":\"https:\/\/secure.gravatar.com\/avatar\/41f568d2c706fabbda1b04e6ae16862ccf6d8613cf0ca8a2486576eb0bf32b83?s=96&d=mm&r=g\",\"caption\":\"Lisa\"},\"url\":\"https:\/\/www.lieblings-lisa.de\/?author=2\"}]}<\/script>\n<!-- \/ Yoast SEO plugin. -->","yoast_head_json":{"title":"Zuckerfreies und gesundes Bananenbrot - Lisas Lieblingsleckereien","description":"Rezept f\u00fcr ein leckeres, gesundes und fluffiges Bananenbrot. Vegan, zuckerfei und mit Vollkornmehl. Perfekt zum Fr\u00fchst\u00fcck oder als gesunder Snack.","robots":{"index":"index","follow":"follow","max-snippet":"max-snippet:-1","max-image-preview":"max-image-preview:large","max-video-preview":"max-video-preview:-1"},"canonical":"https:\/\/www.lieblings-lisa.de\/?p=2865","og_locale":"de_DE","og_type":"article","og_title":"Zuckerfreies und gesundes Bananenbrot - Lisas Lieblingsleckereien","og_description":"Rezept f\u00fcr ein leckeres, gesundes und fluffiges Bananenbrot. Vegan, zuckerfei und mit Vollkornmehl. Perfekt zum Fr\u00fchst\u00fcck oder als gesunder Snack.","og_url":"https:\/\/www.lieblings-lisa.de\/?p=2865","og_site_name":"Lisas Lieblingsleckereien","article_published_time":"2021-05-31T04:45:13+00:00","og_image":[{"width":1708,"height":1280,"url":"https:\/\/www.lieblings-lisa.de\/wp-content\/uploads\/2021\/05\/Dn-scaled-e1622434809197.jpg","type":"image\/jpeg"}],"author":"Lisa","twitter_card":"summary_large_image","twitter_misc":{"Geschrieben von":"Lisa","Gesch\u00e4tzte Lesezeit":"41\u00a0Minuten"},"schema":{"@context":"https:\/\/schema.org","@graph":[{"@type":"WebPage","@id":"https:\/\/www.lieblings-lisa.de\/?p=2865","url":"https:\/\/www.lieblings-lisa.de\/?p=2865","name":"Zuckerfreies und gesundes Bananenbrot - Lisas Lieblingsleckereien","isPartOf":{"@id":"https:\/\/www.lieblings-lisa.de\/#website"},"primaryImageOfPage":{"@id":"https:\/\/www.lieblings-lisa.de\/?p=2865#primaryimage"},"image":{"@id":"https:\/\/www.lieblings-lisa.de\/?p=2865#primaryimage"},"thumbnailUrl":"https:\/\/www.lieblings-lisa.de\/wp-content\/uploads\/2021\/05\/Dn-scaled-e1622434809197.jpg","datePublished":"2021-05-31T04:45:13+00:00","author":{"@id":"https:\/\/www.lieblings-lisa.de\/#\/schema\/person\/a5140dc8da23124000c3aff117ec9a74"},"description":"Rezept f\u00fcr ein leckeres, gesundes und fluffiges Bananenbrot. Vegan, zuckerfei und mit Vollkornmehl. Perfekt zum Fr\u00fchst\u00fcck oder als gesunder Snack.","breadcrumb":{"@id":"https:\/\/www.lieblings-lisa.de\/?p=2865#breadcrumb"},"inLanguage":"de","potentialAction":[{"@type":"ReadAction","target":["https:\/\/www.lieblings-lisa.de\/?p=2865"]}]},{"@type":"ImageObject","inLanguage":"de","@id":"https:\/\/www.lieblings-lisa.de\/?p=2865#primaryimage","url":"https:\/\/www.lieblings-lisa.de\/wp-content\/uploads\/2021\/05\/Dn-scaled-e1622434809197.jpg","contentUrl":"https:\/\/www.lieblings-lisa.de\/wp-content\/uploads\/2021\/05\/Dn-scaled-e1622434809197.jpg","width":1708,"height":1280},{"@type":"BreadcrumbList","@id":"https:\/\/www.lieblings-lisa.de\/?p=2865#breadcrumb","itemListElement":[{"@type":"ListItem","position":1,"name":"Startseite","item":"https:\/\/www.lieblings-lisa.de\/"},{"@type":"ListItem","position":2,"name":"Zuckerfreies und gesundes Bananenbrot"}]},{"@type":"WebSite","@id":"https:\/\/www.lieblings-lisa.de\/#website","url":"https:\/\/www.lieblings-lisa.de\/","name":"Lisas Lieblingsleckereien","description":"Kulinarisches zum Nachkochen","potentialAction":[{"@type":"SearchAction","target":{"@type":"EntryPoint","urlTemplate":"https:\/\/www.lieblings-lisa.de\/?s={search_term_string}"},"query-input":{"@type":"PropertyValueSpecification","valueRequired":true,"valueName":"search_term_string"}}],"inLanguage":"de"},{"@type":"Person","@id":"https:\/\/www.lieblings-lisa.de\/#\/schema\/person\/a5140dc8da23124000c3aff117ec9a74","name":"Lisa","image":{"@type":"ImageObject","inLanguage":"de","@id":"https:\/\/www.lieblings-lisa.de\/#\/schema\/person\/image\/","url":"https:\/\/secure.gravatar.com\/avatar\/41f568d2c706fabbda1b04e6ae16862ccf6d8613cf0ca8a2486576eb0bf32b83?s=96&d=mm&r=g","contentUrl":"https:\/\/secure.gravatar.com\/avatar\/41f568d2c706fabbda1b04e6ae16862ccf6d8613cf0ca8a2486576eb0bf32b83?s=96&d=mm&r=g","caption":"Lisa"},"url":"https:\/\/www.lieblings-lisa.de\/?author=2"}]}},"_links":{"self":[{"href":"https:\/\/www.lieblings-lisa.de\/index.php?rest_route=\/wp\/v2\/posts\/2865","targetHints":{"allow":["GET"]}}],"collection":[{"href":"https:\/\/www.lieblings-lisa.de\/index.php?rest_route=\/wp\/v2\/posts"}],"about":[{"href":"https:\/\/www.lieblings-lisa.de\/index.php?rest_route=\/wp\/v2\/types\/post"}],"author":[{"embeddable":true,"href":"https:\/\/www.lieblings-lisa.de\/index.php?rest_route=\/wp\/v2\/users\/2"}],"replies":[{"embeddable":true,"href":"https:\/\/www.lieblings-lisa.de\/index.php?rest_route=%2Fwp%2Fv2%2Fcomments&post=2865"}],"version-history":[{"count":16,"href":"https:\/\/www.lieblings-lisa.de\/index.php?rest_route=\/wp\/v2\/posts\/2865\/revisions"}],"predecessor-version":[{"id":2891,"href":"https:\/\/www.lieblings-lisa.de\/index.php?rest_route=\/wp\/v2\/posts\/2865\/revisions\/2891"}],"wp:featuredmedia":[{"embeddable":true,"href":"https:\/\/www.lieblings-lisa.de\/index.php?rest_route=\/wp\/v2\/media\/2877"}],"wp:attachment":[{"href":"https:\/\/www.lieblings-lisa.de\/index.php?rest_route=%2Fwp%2Fv2%2Fmedia&parent=2865"}],"wp:term":[{"taxonomy":"category","embeddable":true,"href":"https:\/\/www.lieblings-lisa.de\/index.php?rest_route=%2Fwp%2Fv2%2Fcategories&post=2865"},{"taxonomy":"post_tag","embeddable":true,"href":"https:\/\/www.lieblings-lisa.de\/index.php?rest_route=%2Fwp%2Fv2%2Ftags&post=2865"}],"curies":[{"name":"wp","href":"https:\/\/api.w.org\/{rel}","templated":true}]}}